{"id":8950,"date":"2020-08-08T12:23:52","date_gmt":"2020-08-08T12:23:52","guid":{"rendered":"http:\/\/novo.odontologia.ufrj.br\/modelo-murais-educativos-pet-copy\/"},"modified":"2022-06-23T15:26:17","modified_gmt":"2022-06-23T15:26:17","slug":"esporte-e-odontologia","status":"publish","type":"post","link":"https:\/\/odontologia.temp.tic.ufrj.br\/?p=8950","title":{"rendered":"Esporte e Odontologia"},"content":{"rendered":"<div class=\"kingster-page-wrapper\" id=\"kingster-page-wrapper\">\n<div class=\"kingster-blog-title-wrap kingster-style-small\">\n<div class=\"kingster-header-transparent-substitute\">\n  <\/div>\n<div class=\"kingster-blog-title-top-overlay\">\n  <\/div>\n<div class=\"kingster-blog-title-overlay\">\n  <\/div>\n<div class=\"kingster-blog-title-bottom-overlay\">\n  <\/div>\n<div class=\"kingster-blog-title-container kingster-container\">\n<div class=\"kingster-blog-title-content kingster-item-pdlr\">\n<header class=\"kingster-single-article-head clearfix\">\n<div class=\"kingster-single-article-date-wrapper post-date updated\">\n<div class=\"kingster-single-article-date-day\">\n       08\n      <\/div>\n<div class=\"kingster-single-article-date-month\">\n       ago\n      <\/div>\n<\/p><\/div>\n<div class=\"kingster-single-article-head-right\">\n<h1 class=\"kingster-single-article-title\">\n       Esporte e Odontologia<br \/>\n      <\/h1>\n<div class=\"kingster-blog-info-wrapper\">\n<div class=\"kingster-blog-info kingster-blog-info-font kingster-blog-info-author vcard author post-author\">\n        <span class=\"kingster-head\"><br \/>\n         Por<br \/>\n        <\/span><br \/>\n        <span class=\"fn\"><br \/>\n         <a href=\"https:\/\/odontologia.temp.tic.ufrj.br\/author\/odontologia\/\" rel=\"author\" title=\"Posts de Gabinete\"><br \/>\n          Gabinete<br \/>\n         <\/a><br \/>\n        <\/span>\n       <\/div>\n<div class=\"kingster-blog-info kingster-blog-info-font kingster-blog-info-category\">\n        <a href=\"https:\/\/odontologia.temp.tic.ufrj.br\/category\/blog\/\" rel=\"tag\"><br \/>\n         Blog<br \/>\n        <\/a><br \/>\n        <span class=\"gdlr-core-sep\"><br \/>\n         ,<br \/>\n        <\/span><br \/>\n        <a href=\"https:\/\/odontologia.temp.tic.ufrj.br\/category\/pet\/murais-educativos\/\" rel=\"tag\"><br \/>\n         Murais Educativos<br \/>\n        <\/a><br \/>\n        <span class=\"gdlr-core-sep\"><br \/>\n         ,<br \/>\n        <\/span><br \/>\n        <a href=\"https:\/\/odontologia.temp.tic.ufrj.br\/category\/murais-educativos-pet\/\" rel=\"tag\"><br \/>\n         Murais Educativos PET<br \/>\n        <\/a><br \/>\n        <span class=\"gdlr-core-sep\"><br \/>\n         ,<br \/>\n        <\/span><br \/>\n        <a href=\"https:\/\/odontologia.temp.tic.ufrj.br\/category\/noticias\/\" rel=\"tag\"><br \/>\n         Not\u00edcias<br \/>\n        <\/a><br \/>\n        <span class=\"gdlr-core-sep\"><br \/>\n         ,<br \/>\n        <\/span><br \/>\n        <a href=\"https:\/\/odontologia.temp.tic.ufrj.br\/category\/odontologia-social-e-preventiva\/\" rel=\"tag\"><br \/>\n         Odontologia Social e Preventiva<br \/>\n        <\/a><br \/>\n        <span class=\"gdlr-core-sep\"><br \/>\n         ,<br \/>\n        <\/span><br \/>\n        <a href=\"https:\/\/odontologia.temp.tic.ufrj.br\/category\/pet\/\" rel=\"tag\"><br \/>\n         PET<br \/>\n        <\/a><br \/>\n        <span class=\"gdlr-core-sep\"><br \/>\n         ,<br \/>\n        <\/span><br \/>\n        <a href=\"https:\/\/odontologia.temp.tic.ufrj.br\/category\/programa\/\" rel=\"tag\"><br \/>\n         Programa<br \/>\n        <\/a>\n       <\/div>\n<div class=\"kingster-blog-info kingster-blog-info-font kingster-blog-info-comment-number\">\n        <span class=\"kingster-head\"><br \/>\n         <i class=\"fa fa-comments-o\"><br \/>\n         <\/i><br \/>\n        <\/span><br \/>\n        0\n       <\/div>\n<\/p><\/div>\n<\/p><\/div>\n<\/header><\/div>\n<\/p><\/div>\n<\/p><\/div>\n<div class=\"kingster-content-container kingster-container\">\n<div class=\"kingster-sidebar-wrap clearfix kingster-line-height-0 kingster-sidebar-style-none\">\n<div class=\"kingster-sidebar-center kingster-column-60 kingster-line-height\">\n<div class=\"kingster-content-wrap kingster-item-pdlr clearfix\">\n<div class=\"kingster-content-area\">\n<article class=\"post-8950 post type-post status-publish format-standard has-post-thumbnail hentry category-blog category-murais-educativos category-murais-educativos-pet category-noticias category-odontologia-social-e-preventiva category-pet category-programa\" id=\"post-8950\">\n<div class=\"kingster-single-article clearfix\">\n<div class=\"kingster-single-article-thumbnail kingster-media-image\">\n         <img decoding=\"async\" alt=\"\" fetchpriority=\"high\" height=\"913\" sizes=\"(max-width: 767px) 100vw, (max-width: 1150px) 100vw, 1150px\" src=\"https:\/\/odontologia.temp.tic.ufrj.br\/wp-content\/uploads\/2022\/06\/948_esporte-e-odontologia-800x533.jpg\" srcset=\"https:\/\/odontologia.temp.tic.ufrj.br\/wp-content\/uploads\/2022\/06\/948_esporte-e-odontologia-400x266.jpg 400w, https:\/\/odontologia.temp.tic.ufrj.br\/wp-content\/uploads\/2022\/06\/948_esporte-e-odontologia-600x399.jpg 600w, https:\/\/odontologia.temp.tic.ufrj.br\/wp-content\/uploads\/2022\/06\/948_esporte-e-odontologia-800x533.jpg 800w, https:\/\/odontologia.temp.tic.ufrj.br\/wp-content\/uploads\/2022\/06\/948_esporte-e-odontologia.jpg 1370w\" width=\"1370\"\/>\n        <\/div>\n<div class=\"kingster-single-article-content\">\n        <\/div>\n<\/p><\/div>\n<p>       <!-- kingster-single-article --><br \/>\n      <\/article>\n<p>      <!-- post-id -->\n     <\/div>\n<\/p><\/div>\n<\/p><\/div>\n<\/p><\/div>\n<\/p><\/div>\n<div class=\"gdlr-core-page-builder-body\">\n<div class=\"gdlr-core-pbf-sidebar-wrapper\">\n<div class=\"gdlr-core-pbf-sidebar-container gdlr-core-line-height-0 clearfix gdlr-core-js gdlr-core-container\">\n<div class=\"gdlr-core-pbf-sidebar-content gdlr-core-column-40 gdlr-core-pbf-sidebar-padding gdlr-core-line-height gdlr-core-column-extend-left\">\n<div class=\"gdlr-core-pbf-sidebar-content-inner\">\n<div class=\"gdlr-core-pbf-column gdlr-core-column-60 gdlr-core-column-first\">\n<div class=\"gdlr-core-pbf-column-content-margin gdlr-core-js\">\n<div class=\"gdlr-core-pbf-column-content clearfix gdlr-core-js\">\n<div class=\"gdlr-core-pbf-element\">\n<div class=\"gdlr-core-title-item gdlr-core-item-pdb clearfix gdlr-core-left-align gdlr-core-title-item-caption-bottom gdlr-core-item-pdlr\">\n<div class=\"gdlr-core-title-item-title-wrap clearfix\">\n<h3 class=\"gdlr-core-title-item-title gdlr-core-skin-title\" style=\"font-size: 26px ;text-transform: none ;\">\n             T\u00edtulo<br \/>\n            <\/h3>\n<\/p><\/div>\n<p>           <span class=\"gdlr-core-title-item-caption gdlr-core-info-font gdlr-core-skin-caption\"><br \/>\n            Acompanhe semanalmente, um novo mural que fica exposto no hall da Faculdade de Odontologia, em local de f\u00e1cil visualiza\u00e7\u00e3o e leitura pelos pacientes; objetivando esclarecer que as principais doen\u00e7as bucais s\u00e3o pass\u00edveis de serem evitadas atrav\u00e9s de medidas pouco complexas, atrav\u00e9s de Promo\u00e7\u00e3o de Sa\u00fade.<br \/>\n           <\/span>\n          <\/div>\n<\/p><\/div>\n<div class=\"gdlr-core-pbf-element\">\n<div class=\"gdlr-core-button-item gdlr-core-item-pdlr gdlr-core-item-pdb gdlr-core-center-align\">\n           <a class=\"gdlr-core-button gdlr-core-button-gradient gdlr-core-button-no-border\" href=\"\/wp-content\/uploads\/2022\/06\/948_esporte-e-odontologia.pdf\" target=\"_blank\"><br \/>\n            <i class=\"gdlr-core-pos-left fa fa-file-pdf-o\"><br \/>\n            <\/i><br \/>\n            <span class=\"gdlr-core-content\"><br \/>\n             Download<br \/>\n            <\/span><br \/>\n           <\/a>\n          <\/div>\n<\/p><\/div>\n<\/p><\/div>\n<\/p><\/div>\n<\/p><\/div>\n<\/p><\/div>\n<\/p><\/div>\n<div class=\"gdlr-core-pbf-sidebar-right gdlr-core-column-extend-right kingster-sidebar-area gdlr-core-column-20 gdlr-core-pbf-sidebar-padding gdlr-core-line-height\">\n    <\/div>\n<\/p><\/div>\n<\/p><\/div>\n<div class=\"gdlr-core-pbf-wrapper\">\n<div class=\"gdlr-core-pbf-background-wrap\" style=\"background-color: #efefef ;\">\n   <\/div>\n<div class=\"gdlr-core-pbf-wrapper-content gdlr-core-js\">\n<div class=\"gdlr-core-pbf-wrapper-container clearfix gdlr-core-container\">\n<div class=\"gdlr-core-pbf-element\">\n<div class=\"gdlr-core-title-item gdlr-core-item-pdb clearfix gdlr-core-center-align gdlr-core-title-item-caption-top gdlr-core-item-pdlr\">\n<div class=\"gdlr-core-title-item-title-wrap clearfix\">\n<h3 class=\"gdlr-core-title-item-title gdlr-core-skin-title\" style=\"text-transform: none ;color: #1b2945 ;\">\n         Outros Murais Educativos<br \/>\n        <\/h3>\n<\/p><\/div>\n<\/p><\/div>\n<\/p><\/div>\n<div class=\"gdlr-core-pbf-element\">\n<div class=\"gdlr-core-blog-item gdlr-core-item-pdb clearfix gdlr-core-style-blog-column gdlr-core-item-pdlr\">\n<div class=\"gdlr-core-flexslider flexslider gdlr-core-js-2\" data-column=\"3\" data-move=\"3\" data-nav=\"navigation-outer\" data-nav-parent=\"self\" data-type=\"carousel\">\n<div class=\"gdlr-core-flexslider-custom-nav gdlr-core-style-navigation-outer gdlr-core-center-align\">\n         <i class=\"arrow_carrot-left flex-prev\"><br \/>\n         <\/i><br \/>\n         <i class=\"arrow_carrot-right flex-next\"><br \/>\n         <\/i>\n        <\/div>\n<ul class=\"slides\">\n<li class=\"gdlr-core-item-mglr\">\n<div class=\"gdlr-core-blog-grid gdlr-core-style-2\">\n<div class=\"gdlr-core-blog-thumbnail gdlr-core-media-image gdlr-core-opacity-on-hover gdlr-core-zoom-on-hover\">\n            <a href=\"https:\/\/odontologia.temp.tic.ufrj.br\/a-importa%cc%82ncia-do-aleitamento-materno-no-desenvolvimento-da-face\/\"><br \/>\n             <img loading=\"lazy\" decoding=\"async\" alt=\"\" height=\"913\" sizes=\"auto, (max-width: 767px) 100vw, (max-width: 1150px) 33vw, 383px\" src=\"https:\/\/odontologia.temp.tic.ufrj.br\/wp-content\/uploads\/2022\/06\/978_A_importancia_do_aleitamento-800x533.jpg\" srcset=\"https:\/\/odontologia.temp.tic.ufrj.br\/wp-content\/uploads\/2022\/06\/978_A_importancia_do_aleitamento-400x266.jpg 400w, https:\/\/odontologia.temp.tic.ufrj.br\/wp-content\/uploads\/2022\/06\/978_A_importancia_do_aleitamento-600x399.jpg 600w, https:\/\/odontologia.temp.tic.ufrj.br\/wp-content\/uploads\/2022\/06\/978_A_importancia_do_aleitamento-800x533.jpg 800w, https:\/\/odontologia.temp.tic.ufrj.br\/wp-content\/uploads\/2022\/06\/978_A_importancia_do_aleitamento.jpg 1370w\" width=\"1370\"\/><br \/>\n            <\/a>\n           <\/div>\n<div class=\"gdlr-core-blog-grid-content-wrap\">\n<div class=\"gdlr-core-blog-info-wrapper gdlr-core-skin-divider\">\n             <span class=\"gdlr-core-blog-info gdlr-core-blog-info-font gdlr-core-skin-caption gdlr-core-blog-info-date\"><br \/>\n              <span class=\"gdlr-core-blog-info-sep\"><br \/>\n               \u2022<br \/>\n              <\/span><br \/>\n              <a href=\"https:\/\/odontologia.temp.tic.ufrj.br\/2020\/08\/31\/\"><br \/>\n               31 de agosto de 2020<br \/>\n              <\/a><br \/>\n             <\/span>\n            <\/div>\n<h3 class=\"gdlr-core-blog-title gdlr-core-skin-title\">\n             <a href=\"https:\/\/odontologia.temp.tic.ufrj.br\/a-importa%cc%82ncia-do-aleitamento-materno-no-desenvolvimento-da-face\/\"><br \/>\n              A importa\u0302ncia do aleitamento materno no desenvolvimento da face<br \/>\n             <\/a><br \/>\n            <\/h3>\n<div class=\"gdlr-core-blog-content\">\n<div class=\"clear\">\n             <\/div>\n<\/p><\/div>\n<\/p><\/div>\n<\/p><\/div>\n<\/li>\n<li class=\"gdlr-core-item-mglr\">\n<div class=\"gdlr-core-blog-grid gdlr-core-style-2\">\n<div class=\"gdlr-core-blog-thumbnail gdlr-core-media-image gdlr-core-opacity-on-hover gdlr-core-zoom-on-hover\">\n            <a href=\"https:\/\/odontologia.temp.tic.ufrj.br\/saude-oral-durante-a-gestacao\/\"><br \/>\n             <img loading=\"lazy\" decoding=\"async\" alt=\"\" height=\"913\" sizes=\"auto, (max-width: 767px) 100vw, (max-width: 1150px) 33vw, 383px\" src=\"https:\/\/odontologia.temp.tic.ufrj.br\/wp-content\/uploads\/2022\/06\/931_saude-oral-durante-a-gestacao-800x533.jpg\" srcset=\"https:\/\/odontologia.temp.tic.ufrj.br\/wp-content\/uploads\/2022\/06\/931_saude-oral-durante-a-gestacao-400x266.jpg 400w, https:\/\/odontologia.temp.tic.ufrj.br\/wp-content\/uploads\/2022\/06\/931_saude-oral-durante-a-gestacao-600x399.jpg 600w, https:\/\/odontologia.temp.tic.ufrj.br\/wp-content\/uploads\/2022\/06\/931_saude-oral-durante-a-gestacao-800x533.jpg 800w, https:\/\/odontologia.temp.tic.ufrj.br\/wp-content\/uploads\/2022\/06\/931_saude-oral-durante-a-gestacao.jpg 1370w\" width=\"1370\"\/><br \/>\n            <\/a>\n           <\/div>\n<div class=\"gdlr-core-blog-grid-content-wrap\">\n<div class=\"gdlr-core-blog-info-wrapper gdlr-core-skin-divider\">\n             <span class=\"gdlr-core-blog-info gdlr-core-blog-info-font gdlr-core-skin-caption gdlr-core-blog-info-date\"><br \/>\n              <span class=\"gdlr-core-blog-info-sep\"><br \/>\n               \u2022<br \/>\n              <\/span><br \/>\n              <a href=\"https:\/\/odontologia.temp.tic.ufrj.br\/2020\/08\/13\/\"><br \/>\n               13 de agosto de 2020<br \/>\n              <\/a><br \/>\n             <\/span>\n            <\/div>\n<h3 class=\"gdlr-core-blog-title gdlr-core-skin-title\">\n             <a href=\"https:\/\/odontologia.temp.tic.ufrj.br\/saude-oral-durante-a-gestacao\/\"><br \/>\n              Sa\u00fade Oral Durante a Gesta\u00e7\u00e3o<br \/>\n             <\/a><br \/>\n            <\/h3>\n<div class=\"gdlr-core-blog-content\">\n<div class=\"clear\">\n             <\/div>\n<\/p><\/div>\n<\/p><\/div>\n<\/p><\/div>\n<\/li>\n<li class=\"gdlr-core-item-mglr\">\n<div class=\"gdlr-core-blog-grid gdlr-core-style-2\">\n<div class=\"gdlr-core-blog-thumbnail gdlr-core-media-image gdlr-core-opacity-on-hover gdlr-core-zoom-on-hover\">\n            <a href=\"https:\/\/odontologia.temp.tic.ufrj.br\/menopausa-e-saude-bucal\/\"><br \/>\n             <img loading=\"lazy\" decoding=\"async\" alt=\"\" height=\"913\" sizes=\"auto, (max-width: 767px) 100vw, (max-width: 1150px) 33vw, 383px\" src=\"https:\/\/odontologia.temp.tic.ufrj.br\/wp-content\/uploads\/2022\/06\/930_menopausa-e-saude-bucal-800x533.jpg\" srcset=\"https:\/\/odontologia.temp.tic.ufrj.br\/wp-content\/uploads\/2022\/06\/930_menopausa-e-saude-bucal-400x266.jpg 400w, https:\/\/odontologia.temp.tic.ufrj.br\/wp-content\/uploads\/2022\/06\/930_menopausa-e-saude-bucal-600x399.jpg 600w, https:\/\/odontologia.temp.tic.ufrj.br\/wp-content\/uploads\/2022\/06\/930_menopausa-e-saude-bucal-800x533.jpg 800w, https:\/\/odontologia.temp.tic.ufrj.br\/wp-content\/uploads\/2022\/06\/930_menopausa-e-saude-bucal.jpg 1370w\" width=\"1370\"\/><br \/>\n            <\/a>\n           <\/div>\n<div class=\"gdlr-core-blog-grid-content-wrap\">\n<div class=\"gdlr-core-blog-info-wrapper gdlr-core-skin-divider\">\n             <span class=\"gdlr-core-blog-info gdlr-core-blog-info-font gdlr-core-skin-caption gdlr-core-blog-info-date\"><br \/>\n              <span class=\"gdlr-core-blog-info-sep\"><br \/>\n               \u2022<br \/>\n              <\/span><br \/>\n              <a href=\"https:\/\/odontologia.temp.tic.ufrj.br\/2020\/08\/13\/\"><br \/>\n               13 de agosto de 2020<br \/>\n              <\/a><br \/>\n             <\/span>\n            <\/div>\n<h3 class=\"gdlr-core-blog-title gdlr-core-skin-title\">\n             <a href=\"https:\/\/odontologia.temp.tic.ufrj.br\/menopausa-e-saude-bucal\/\"><br \/>\n              Menopausa e Sa\u00fade Bucal<br \/>\n             <\/a><br \/>\n            <\/h3>\n<div class=\"gdlr-core-blog-content\">\n<div class=\"clear\">\n             <\/div>\n<\/p><\/div>\n<\/p><\/div>\n<\/p><\/div>\n<\/li>\n<li class=\"gdlr-core-item-mglr\">\n<div class=\"gdlr-core-blog-grid gdlr-core-style-2\">\n<div class=\"gdlr-core-blog-thumbnail gdlr-core-media-image gdlr-core-opacity-on-hover gdlr-core-zoom-on-hover\">\n            <a href=\"https:\/\/odontologia.temp.tic.ufrj.br\/suporte-odontologico-ao-paciente-com-cancer\/\"><br \/>\n             <img loading=\"lazy\" decoding=\"async\" alt=\"\" height=\"913\" sizes=\"auto, (max-width: 767px) 100vw, (max-width: 1150px) 33vw, 383px\" src=\"https:\/\/odontologia.temp.tic.ufrj.br\/wp-content\/uploads\/2020\/08\/935_suporte-odontologico-ao-paciente-com-cancer-800x533.jpg\" srcset=\"https:\/\/odontologia.temp.tic.ufrj.br\/wp-content\/uploads\/2020\/08\/935_suporte-odontologico-ao-paciente-com-cancer-400x266.jpg 400w, https:\/\/odontologia.temp.tic.ufrj.br\/wp-content\/uploads\/2020\/08\/935_suporte-odontologico-ao-paciente-com-cancer-600x399.jpg 600w, https:\/\/odontologia.temp.tic.ufrj.br\/wp-content\/uploads\/2020\/08\/935_suporte-odontologico-ao-paciente-com-cancer-800x533.jpg 800w, https:\/\/odontologia.temp.tic.ufrj.br\/wp-content\/uploads\/2020\/08\/935_suporte-odontologico-ao-paciente-com-cancer.jpg 1370w\" width=\"1370\"\/><br \/>\n            <\/a>\n           <\/div>\n<div class=\"gdlr-core-blog-grid-content-wrap\">\n<div class=\"gdlr-core-blog-info-wrapper gdlr-core-skin-divider\">\n             <span class=\"gdlr-core-blog-info gdlr-core-blog-info-font gdlr-core-skin-caption gdlr-core-blog-info-date\"><br \/>\n              <span class=\"gdlr-core-blog-info-sep\"><br \/>\n               \u2022<br \/>\n              <\/span><br \/>\n              <a href=\"https:\/\/odontologia.temp.tic.ufrj.br\/2020\/08\/12\/\"><br \/>\n               12 de agosto de 2020<br \/>\n              <\/a><br \/>\n             <\/span>\n            <\/div>\n<h3 class=\"gdlr-core-blog-title gdlr-core-skin-title\">\n             <a href=\"https:\/\/odontologia.temp.tic.ufrj.br\/suporte-odontologico-ao-paciente-com-cancer\/\"><br \/>\n              Suporte Odontol\u00f3gico ao Paciente com C\u00e2ncer<br \/>\n             <\/a><br \/>\n            <\/h3>\n<div class=\"gdlr-core-blog-content\">\n<div class=\"clear\">\n             <\/div>\n<\/p><\/div>\n<\/p><\/div>\n<\/p><\/div>\n<\/li>\n<li class=\"gdlr-core-item-mglr\">\n<div class=\"gdlr-core-blog-grid gdlr-core-style-2\">\n<div class=\"gdlr-core-blog-thumbnail gdlr-core-media-image gdlr-core-opacity-on-hover gdlr-core-zoom-on-hover\">\n            <a href=\"https:\/\/odontologia.temp.tic.ufrj.br\/respirador-bucal\/\"><br \/>\n             <img loading=\"lazy\" decoding=\"async\" alt=\"\" height=\"913\" sizes=\"auto, (max-width: 767px) 100vw, (max-width: 1150px) 33vw, 383px\" src=\"https:\/\/odontologia.temp.tic.ufrj.br\/wp-content\/uploads\/2022\/06\/934_respirador-bucal-800x533.jpg\" srcset=\"https:\/\/odontologia.temp.tic.ufrj.br\/wp-content\/uploads\/2022\/06\/934_respirador-bucal-400x266.jpg 400w, https:\/\/odontologia.temp.tic.ufrj.br\/wp-content\/uploads\/2022\/06\/934_respirador-bucal-600x399.jpg 600w, https:\/\/odontologia.temp.tic.ufrj.br\/wp-content\/uploads\/2022\/06\/934_respirador-bucal-800x533.jpg 800w, https:\/\/odontologia.temp.tic.ufrj.br\/wp-content\/uploads\/2022\/06\/934_respirador-bucal.jpg 1370w\" width=\"1370\"\/><br \/>\n            <\/a>\n           <\/div>\n<div class=\"gdlr-core-blog-grid-content-wrap\">\n<div class=\"gdlr-core-blog-info-wrapper gdlr-core-skin-divider\">\n             <span class=\"gdlr-core-blog-info gdlr-core-blog-info-font gdlr-core-skin-caption gdlr-core-blog-info-date\"><br \/>\n              <span class=\"gdlr-core-blog-info-sep\"><br \/>\n               \u2022<br \/>\n              <\/span><br \/>\n              <a href=\"https:\/\/odontologia.temp.tic.ufrj.br\/2020\/08\/12\/\"><br \/>\n               12 de agosto de 2020<br \/>\n              <\/a><br \/>\n             <\/span>\n            <\/div>\n<h3 class=\"gdlr-core-blog-title gdlr-core-skin-title\">\n             <a href=\"https:\/\/odontologia.temp.tic.ufrj.br\/respirador-bucal\/\"><br \/>\n              Respirador Bucal<br \/>\n             <\/a><br \/>\n            <\/h3>\n<div class=\"gdlr-core-blog-content\">\n<div class=\"clear\">\n             <\/div>\n<\/p><\/div>\n<\/p><\/div>\n<\/p><\/div>\n<\/li>\n<li class=\"gdlr-core-item-mglr\">\n<div class=\"gdlr-core-blog-grid gdlr-core-style-2\">\n<div class=\"gdlr-core-blog-thumbnail gdlr-core-media-image gdlr-core-opacity-on-hover gdlr-core-zoom-on-hover\">\n            <a href=\"https:\/\/odontologia.temp.tic.ufrj.br\/transtorno-do-espectro-autista-e-odontologia\/\"><br \/>\n             <img loading=\"lazy\" decoding=\"async\" alt=\"\" height=\"913\" sizes=\"auto, (max-width: 767px) 100vw, (max-width: 1150px) 33vw, 383px\" src=\"https:\/\/odontologia.temp.tic.ufrj.br\/wp-content\/uploads\/2022\/06\/933_transtorno-do-espectro-autista-e-odontologia-800x533.jpg\" srcset=\"https:\/\/odontologia.temp.tic.ufrj.br\/wp-content\/uploads\/2022\/06\/933_transtorno-do-espectro-autista-e-odontologia-400x266.jpg 400w, https:\/\/odontologia.temp.tic.ufrj.br\/wp-content\/uploads\/2022\/06\/933_transtorno-do-espectro-autista-e-odontologia-600x399.jpg 600w, https:\/\/odontologia.temp.tic.ufrj.br\/wp-content\/uploads\/2022\/06\/933_transtorno-do-espectro-autista-e-odontologia-800x533.jpg 800w, https:\/\/odontologia.temp.tic.ufrj.br\/wp-content\/uploads\/2022\/06\/933_transtorno-do-espectro-autista-e-odontologia.jpg 1370w\" width=\"1370\"\/><br \/>\n            <\/a>\n           <\/div>\n<div class=\"gdlr-core-blog-grid-content-wrap\">\n<div class=\"gdlr-core-blog-info-wrapper gdlr-core-skin-divider\">\n             <span class=\"gdlr-core-blog-info gdlr-core-blog-info-font gdlr-core-skin-caption gdlr-core-blog-info-date\"><br \/>\n              <span class=\"gdlr-core-blog-info-sep\"><br \/>\n               \u2022<br \/>\n              <\/span><br \/>\n              <a href=\"https:\/\/odontologia.temp.tic.ufrj.br\/2020\/08\/12\/\"><br \/>\n               12 de agosto de 2020<br \/>\n              <\/a><br \/>\n             <\/span>\n            <\/div>\n<h3 class=\"gdlr-core-blog-title gdlr-core-skin-title\">\n             <a href=\"https:\/\/odontologia.temp.tic.ufrj.br\/transtorno-do-espectro-autista-e-odontologia\/\"><br \/>\n              Transtorno do Espectro Autista e Odontologia<br \/>\n             <\/a><br \/>\n            <\/h3>\n<div class=\"gdlr-core-blog-content\">\n<div class=\"clear\">\n             <\/div>\n<\/p><\/div>\n<\/p><\/div>\n<\/p><\/div>\n<\/li>\n<li class=\"gdlr-core-item-mglr\">\n<div class=\"gdlr-core-blog-grid gdlr-core-style-2\">\n<div class=\"gdlr-core-blog-thumbnail gdlr-core-media-image gdlr-core-opacity-on-hover gdlr-core-zoom-on-hover\">\n            <a href=\"https:\/\/odontologia.temp.tic.ufrj.br\/lesoes-nao-cariosas\/\"><br \/>\n             <img loading=\"lazy\" decoding=\"async\" alt=\"\" height=\"913\" sizes=\"auto, (max-width: 767px) 100vw, (max-width: 1150px) 33vw, 383px\" src=\"https:\/\/odontologia.temp.tic.ufrj.br\/wp-content\/uploads\/2020\/08\/932_lesoes-nao-cariosas-800x533.jpg\" srcset=\"https:\/\/odontologia.temp.tic.ufrj.br\/wp-content\/uploads\/2020\/08\/932_lesoes-nao-cariosas-400x266.jpg 400w, https:\/\/odontologia.temp.tic.ufrj.br\/wp-content\/uploads\/2020\/08\/932_lesoes-nao-cariosas-600x399.jpg 600w, https:\/\/odontologia.temp.tic.ufrj.br\/wp-content\/uploads\/2020\/08\/932_lesoes-nao-cariosas-800x533.jpg 800w, https:\/\/odontologia.temp.tic.ufrj.br\/wp-content\/uploads\/2020\/08\/932_lesoes-nao-cariosas.jpg 1370w\" width=\"1370\"\/><br \/>\n            <\/a>\n           <\/div>\n<div class=\"gdlr-core-blog-grid-content-wrap\">\n<div class=\"gdlr-core-blog-info-wrapper gdlr-core-skin-divider\">\n             <span class=\"gdlr-core-blog-info gdlr-core-blog-info-font gdlr-core-skin-caption gdlr-core-blog-info-date\"><br \/>\n              <span class=\"gdlr-core-blog-info-sep\"><br \/>\n               \u2022<br \/>\n              <\/span><br \/>\n              <a href=\"https:\/\/odontologia.temp.tic.ufrj.br\/2020\/08\/12\/\"><br \/>\n               12 de agosto de 2020<br \/>\n              <\/a><br \/>\n             <\/span>\n            <\/div>\n<h3 class=\"gdlr-core-blog-title gdlr-core-skin-title\">\n             <a href=\"https:\/\/odontologia.temp.tic.ufrj.br\/lesoes-nao-cariosas\/\"><br \/>\n              Les\u00f5es N\u00e3o Cariosas<br \/>\n             <\/a><br \/>\n            <\/h3>\n<div class=\"gdlr-core-blog-content\">\n<div class=\"clear\">\n             <\/div>\n<\/p><\/div>\n<\/p><\/div>\n<\/p><\/div>\n<\/li>\n<li class=\"gdlr-core-item-mglr\">\n<div class=\"gdlr-core-blog-grid gdlr-core-style-2\">\n<div class=\"gdlr-core-blog-thumbnail gdlr-core-media-image gdlr-core-opacity-on-hover gdlr-core-zoom-on-hover\">\n            <a href=\"https:\/\/odontologia.temp.tic.ufrj.br\/avulsao-dentaria\/\"><br \/>\n             <img loading=\"lazy\" decoding=\"async\" alt=\"\" height=\"913\" sizes=\"auto, (max-width: 767px) 100vw, (max-width: 1150px) 33vw, 383px\" src=\"https:\/\/odontologia.temp.tic.ufrj.br\/wp-content\/uploads\/2022\/06\/939_avulsao-dentaria-800x533.jpg\" srcset=\"https:\/\/odontologia.temp.tic.ufrj.br\/wp-content\/uploads\/2022\/06\/939_avulsao-dentaria-400x266.jpg 400w, https:\/\/odontologia.temp.tic.ufrj.br\/wp-content\/uploads\/2022\/06\/939_avulsao-dentaria-600x399.jpg 600w, https:\/\/odontologia.temp.tic.ufrj.br\/wp-content\/uploads\/2022\/06\/939_avulsao-dentaria-800x533.jpg 800w, https:\/\/odontologia.temp.tic.ufrj.br\/wp-content\/uploads\/2022\/06\/939_avulsao-dentaria.jpg 1370w\" width=\"1370\"\/><br \/>\n            <\/a>\n           <\/div>\n<div class=\"gdlr-core-blog-grid-content-wrap\">\n<div class=\"gdlr-core-blog-info-wrapper gdlr-core-skin-divider\">\n             <span class=\"gdlr-core-blog-info gdlr-core-blog-info-font gdlr-core-skin-caption gdlr-core-blog-info-date\"><br \/>\n              <span class=\"gdlr-core-blog-info-sep\"><br \/>\n               \u2022<br \/>\n              <\/span><br \/>\n              <a href=\"https:\/\/odontologia.temp.tic.ufrj.br\/2020\/08\/11\/\"><br \/>\n               11 de agosto de 2020<br \/>\n              <\/a><br \/>\n             <\/span>\n            <\/div>\n<h3 class=\"gdlr-core-blog-title gdlr-core-skin-title\">\n             <a href=\"https:\/\/odontologia.temp.tic.ufrj.br\/avulsao-dentaria\/\"><br \/>\n              Avuls\u00e3o Dent\u00e1ria<br \/>\n             <\/a><br \/>\n            <\/h3>\n<div class=\"gdlr-core-blog-content\">\n<div class=\"clear\">\n             <\/div>\n<\/p><\/div>\n<\/p><\/div>\n<\/p><\/div>\n<\/li>\n<li class=\"gdlr-core-item-mglr\">\n<div class=\"gdlr-core-blog-grid gdlr-core-style-2\">\n<div class=\"gdlr-core-blog-thumbnail gdlr-core-media-image gdlr-core-opacity-on-hover gdlr-core-zoom-on-hover\">\n            <a href=\"https:\/\/odontologia.temp.tic.ufrj.br\/covid-19-e-saude-bucal\/\"><br \/>\n             <img loading=\"lazy\" decoding=\"async\" alt=\"\" height=\"913\" sizes=\"auto, (max-width: 767px) 100vw, (max-width: 1150px) 33vw, 383px\" src=\"https:\/\/odontologia.temp.tic.ufrj.br\/wp-content\/uploads\/2020\/08\/938_covid-19-e-saude-bucal-800x533.jpg\" srcset=\"https:\/\/odontologia.temp.tic.ufrj.br\/wp-content\/uploads\/2020\/08\/938_covid-19-e-saude-bucal-400x266.jpg 400w, https:\/\/odontologia.temp.tic.ufrj.br\/wp-content\/uploads\/2020\/08\/938_covid-19-e-saude-bucal-600x399.jpg 600w, https:\/\/odontologia.temp.tic.ufrj.br\/wp-content\/uploads\/2020\/08\/938_covid-19-e-saude-bucal-800x533.jpg 800w, https:\/\/odontologia.temp.tic.ufrj.br\/wp-content\/uploads\/2020\/08\/938_covid-19-e-saude-bucal.jpg 1370w\" width=\"1370\"\/><br \/>\n            <\/a>\n           <\/div>\n<div class=\"gdlr-core-blog-grid-content-wrap\">\n<div class=\"gdlr-core-blog-info-wrapper gdlr-core-skin-divider\">\n             <span class=\"gdlr-core-blog-info gdlr-core-blog-info-font gdlr-core-skin-caption gdlr-core-blog-info-date\"><br \/>\n              <span class=\"gdlr-core-blog-info-sep\"><br \/>\n               \u2022<br \/>\n              <\/span><br \/>\n              <a href=\"https:\/\/odontologia.temp.tic.ufrj.br\/2020\/08\/11\/\"><br \/>\n               11 de agosto de 2020<br \/>\n              <\/a><br \/>\n             <\/span>\n            <\/div>\n<h3 class=\"gdlr-core-blog-title gdlr-core-skin-title\">\n             <a href=\"https:\/\/odontologia.temp.tic.ufrj.br\/covid-19-e-saude-bucal\/\"><br \/>\n              Covid-19 e Sa\u00fade Bucal<br \/>\n             <\/a><br \/>\n            <\/h3>\n<div class=\"gdlr-core-blog-content\">\n<div class=\"clear\">\n             <\/div>\n<\/p><\/div>\n<\/p><\/div>\n<\/p><\/div>\n<\/li>\n<li class=\"gdlr-core-item-mglr\">\n<div class=\"gdlr-core-blog-grid gdlr-core-style-2\">\n<div class=\"gdlr-core-blog-thumbnail gdlr-core-media-image gdlr-core-opacity-on-hover gdlr-core-zoom-on-hover\">\n            <a href=\"https:\/\/odontologia.temp.tic.ufrj.br\/saude-bucal-dos-idosos\/\"><br \/>\n             <img loading=\"lazy\" decoding=\"async\" alt=\"\" height=\"913\" sizes=\"auto, (max-width: 767px) 100vw, (max-width: 1150px) 33vw, 383px\" src=\"https:\/\/odontologia.temp.tic.ufrj.br\/wp-content\/uploads\/2022\/06\/937_saude-bucal-dos-idosos-800x533.jpg\" srcset=\"https:\/\/odontologia.temp.tic.ufrj.br\/wp-content\/uploads\/2022\/06\/937_saude-bucal-dos-idosos-400x266.jpg 400w, https:\/\/odontologia.temp.tic.ufrj.br\/wp-content\/uploads\/2022\/06\/937_saude-bucal-dos-idosos-600x399.jpg 600w, https:\/\/odontologia.temp.tic.ufrj.br\/wp-content\/uploads\/2022\/06\/937_saude-bucal-dos-idosos-800x533.jpg 800w, https:\/\/odontologia.temp.tic.ufrj.br\/wp-content\/uploads\/2022\/06\/937_saude-bucal-dos-idosos.jpg 1370w\" width=\"1370\"\/><br \/>\n            <\/a>\n           <\/div>\n<div class=\"gdlr-core-blog-grid-content-wrap\">\n<div class=\"gdlr-core-blog-info-wrapper gdlr-core-skin-divider\">\n             <span class=\"gdlr-core-blog-info gdlr-core-blog-info-font gdlr-core-skin-caption gdlr-core-blog-info-date\"><br \/>\n              <span class=\"gdlr-core-blog-info-sep\"><br \/>\n               \u2022<br \/>\n              <\/span><br \/>\n              <a href=\"https:\/\/odontologia.temp.tic.ufrj.br\/2020\/08\/11\/\"><br \/>\n               11 de agosto de 2020<br \/>\n              <\/a><br \/>\n             <\/span>\n            <\/div>\n<h3 class=\"gdlr-core-blog-title gdlr-core-skin-title\">\n             <a href=\"https:\/\/odontologia.temp.tic.ufrj.br\/saude-bucal-dos-idosos\/\"><br \/>\n              Sa\u00fade Bucal dos Idosos<br \/>\n             <\/a><br \/>\n            <\/h3>\n<div class=\"gdlr-core-blog-content\">\n<div class=\"clear\">\n             <\/div>\n<\/p><\/div>\n<\/p><\/div>\n<\/p><\/div>\n<\/li>\n<li class=\"gdlr-core-item-mglr\">\n<div class=\"gdlr-core-blog-grid gdlr-core-style-2\">\n<div class=\"gdlr-core-blog-thumbnail gdlr-core-media-image gdlr-core-opacity-on-hover gdlr-core-zoom-on-hover\">\n            <a href=\"https:\/\/odontologia.temp.tic.ufrj.br\/esclarecendo-a-sedacao-oral-consciente\/\"><br \/>\n             <img loading=\"lazy\" decoding=\"async\" alt=\"\" height=\"913\" sizes=\"auto, (max-width: 767px) 100vw, (max-width: 1150px) 33vw, 383px\" src=\"https:\/\/odontologia.temp.tic.ufrj.br\/wp-content\/uploads\/2022\/06\/936_sedacao-oral-consciente-mural-educativo-800x533.jpg\" srcset=\"https:\/\/odontologia.temp.tic.ufrj.br\/wp-content\/uploads\/2022\/06\/936_sedacao-oral-consciente-mural-educativo-400x266.jpg 400w, https:\/\/odontologia.temp.tic.ufrj.br\/wp-content\/uploads\/2022\/06\/936_sedacao-oral-consciente-mural-educativo-600x399.jpg 600w, https:\/\/odontologia.temp.tic.ufrj.br\/wp-content\/uploads\/2022\/06\/936_sedacao-oral-consciente-mural-educativo-800x533.jpg 800w, https:\/\/odontologia.temp.tic.ufrj.br\/wp-content\/uploads\/2022\/06\/936_sedacao-oral-consciente-mural-educativo.jpg 1370w\" width=\"1370\"\/><br \/>\n            <\/a>\n           <\/div>\n<div class=\"gdlr-core-blog-grid-content-wrap\">\n<div class=\"gdlr-core-blog-info-wrapper gdlr-core-skin-divider\">\n             <span class=\"gdlr-core-blog-info gdlr-core-blog-info-font gdlr-core-skin-caption gdlr-core-blog-info-date\"><br \/>\n              <span class=\"gdlr-core-blog-info-sep\"><br \/>\n               \u2022<br \/>\n              <\/span><br \/>\n              <a href=\"https:\/\/odontologia.temp.tic.ufrj.br\/2020\/08\/11\/\"><br \/>\n               11 de agosto de 2020<br \/>\n              <\/a><br \/>\n             <\/span>\n            <\/div>\n<h3 class=\"gdlr-core-blog-title gdlr-core-skin-title\">\n             <a href=\"https:\/\/odontologia.temp.tic.ufrj.br\/esclarecendo-a-sedacao-oral-consciente\/\"><br \/>\n              Esclarecendo a Seda\u00e7\u00e3o Oral Consciente<br \/>\n             <\/a><br \/>\n            <\/h3>\n<div class=\"gdlr-core-blog-content\">\n<div class=\"clear\">\n             <\/div>\n<\/p><\/div>\n<\/p><\/div>\n<\/p><\/div>\n<\/li>\n<li class=\"gdlr-core-item-mglr\">\n<div class=\"gdlr-core-blog-grid gdlr-core-style-2\">\n<div class=\"gdlr-core-blog-thumbnail gdlr-core-media-image gdlr-core-opacity-on-hover gdlr-core-zoom-on-hover\">\n            <a href=\"https:\/\/odontologia.temp.tic.ufrj.br\/odontologia-hospitalar\/\"><br \/>\n             <img loading=\"lazy\" decoding=\"async\" alt=\"\" height=\"913\" sizes=\"auto, (max-width: 767px) 100vw, (max-width: 1150px) 33vw, 383px\" src=\"https:\/\/odontologia.temp.tic.ufrj.br\/wp-content\/uploads\/2022\/06\/941_odontologia-hospitalar-800x533.jpg\" srcset=\"https:\/\/odontologia.temp.tic.ufrj.br\/wp-content\/uploads\/2022\/06\/941_odontologia-hospitalar-400x266.jpg 400w, https:\/\/odontologia.temp.tic.ufrj.br\/wp-content\/uploads\/2022\/06\/941_odontologia-hospitalar-600x399.jpg 600w, https:\/\/odontologia.temp.tic.ufrj.br\/wp-content\/uploads\/2022\/06\/941_odontologia-hospitalar-800x533.jpg 800w, https:\/\/odontologia.temp.tic.ufrj.br\/wp-content\/uploads\/2022\/06\/941_odontologia-hospitalar.jpg 1370w\" width=\"1370\"\/><br \/>\n            <\/a>\n           <\/div>\n<div class=\"gdlr-core-blog-grid-content-wrap\">\n<div class=\"gdlr-core-blog-info-wrapper gdlr-core-skin-divider\">\n             <span class=\"gdlr-core-blog-info gdlr-core-blog-info-font gdlr-core-skin-caption gdlr-core-blog-info-date\"><br \/>\n              <span class=\"gdlr-core-blog-info-sep\"><br \/>\n               \u2022<br \/>\n              <\/span><br \/>\n              <a href=\"https:\/\/odontologia.temp.tic.ufrj.br\/2020\/08\/10\/\"><br \/>\n               10 de agosto de 2020<br \/>\n              <\/a><br \/>\n             <\/span>\n            <\/div>\n<h3 class=\"gdlr-core-blog-title gdlr-core-skin-title\">\n             <a href=\"https:\/\/odontologia.temp.tic.ufrj.br\/odontologia-hospitalar\/\"><br \/>\n              Odontologia Hospitalar<br \/>\n             <\/a><br \/>\n            <\/h3>\n<div class=\"gdlr-core-blog-content\">\n<div class=\"clear\">\n             <\/div>\n<\/p><\/div>\n<\/p><\/div>\n<\/p><\/div>\n<\/li>\n<\/ul><\/div>\n<\/p><\/div>\n<\/p><\/div>\n<\/p><\/div>\n<\/p><\/div>\n<\/p><\/div>\n<\/p><\/div>\n<div class=\"kingster-bottom-page-builder-container kingster-container\">\n<div class=\"kingster-bottom-page-builder-sidebar-wrap kingster-sidebar-style-none\">\n<div class=\"kingster-bottom-page-builder-sidebar-class\">\n<div class=\"kingster-bottom-page-builder-content kingster-item-pdlr\">\n<div class=\"kingster-single-social-share kingster-item-rvpdlr\">\n<div class=\"gdlr-core-social-share-item gdlr-core-item-pdb gdlr-core-center-align gdlr-core-social-share-left-text gdlr-core-item-mglr gdlr-core-style-plain\" style=\"padding-bottom: 0px ;\">\n       <span class=\"gdlr-core-social-share-count gdlr-core-skin-title\"><br \/>\n        <span class=\"gdlr-core-count\"><br \/>\n         0<br \/>\n        <\/span><br \/>\n        <span class=\"gdlr-core-suffix\"><br \/>\n         Shares<br \/>\n        <\/span><br \/>\n        <span class=\"gdlr-core-divider gdlr-core-skin-divider\"><br \/>\n        <\/span><br \/>\n       <\/span><br \/>\n       <span class=\"gdlr-core-social-share-wrap\"><br \/>\n        <a class=\"gdlr-core-social-share-facebook\" href=\"https:\/\/www.facebook.com\/sharer\/sharer.php?caption=Esporte+e+Odontologia&amp;u=https:\/\/odontologia.temp.tic.ufrj.br\/esporte-e-odontologia\/\" onclick=\"javascript:window.open(this.href,'', 'menubar=no,toolbar=no,resizable=yes,scrollbars=yes,height=602,width=555');return false;\" target=\"_blank\"><br \/>\n         <i class=\"fa fa-facebook\"><br \/>\n         <\/i><br \/>\n        <\/a><br \/>\n        <a class=\"gdlr-core-social-share-google-plus\" href=\"https:\/\/plus.google.com\/share?url=https:\/\/odontologia.temp.tic.ufrj.br\/esporte-e-odontologia\/\" onclick=\"javascript:window.open(this.href,'', 'menubar=no,toolbar=no,resizable=yes,scrollbars=yes,height=614,width=496');return false;\" target=\"_blank\"><br \/>\n         <i class=\"fa fa-google-plus\"><br \/>\n         <\/i><br \/>\n        <\/a><br \/>\n        <a class=\"gdlr-core-social-share-pinterest\" href=\"http:\/\/pinterest.com\/pin\/create\/button\/?url=https:\/\/odontologia.temp.tic.ufrj.br\/esporte-e-odontologia\/&amp;media=https:\/\/odontologia.temp.tic.ufrj.br\/wp-content\/uploads\/2022\/06\/948_esporte-e-odontologia.jpg\" onclick=\"javascript:window.open(this.href,'', 'menubar=no,toolbar=no,resizable=yes,scrollbars=yes,height=553,width=750');return false;\" target=\"_blank\"><br \/>\n         <i class=\"fa fa-pinterest-p\"><br \/>\n         <\/i><br \/>\n        <\/a><br \/>\n        <a class=\"gdlr-core-social-share-twitter\" href=\"https:\/\/twitter.com\/intent\/tweet?text=Esporte+e+Odontologia&amp;url=https:\/\/odontologia.temp.tic.ufrj.br\/esporte-e-odontologia\/\" onclick=\"javascript:window.open(this.href,'', 'menubar=no,toolbar=no,resizable=yes,scrollbars=yes,height=255,width=555');return false;\" target=\"_blank\"><br \/>\n         <i class=\"fa fa-twitter\"><br \/>\n         <\/i><br \/>\n        <\/a><br \/>\n       <\/span>\n      <\/div>\n<\/p><\/div>\n<div class=\"kingster-single-nav-area clearfix\">\n      <span class=\"kingster-single-nav kingster-single-nav-left\"><br \/>\n       <a href=\"https:\/\/odontologia.temp.tic.ufrj.br\/diabetes-e-saude-oral\/\" rel=\"prev\"><br \/>\n        <i class=\"arrow_left\"><br \/>\n        <\/i><br \/>\n        <span class=\"kingster-text\"><br \/>\n         Anterior<br \/>\n        <\/span><br \/>\n       <\/a><br \/>\n      <\/span><br \/>\n      <span class=\"kingster-single-nav kingster-single-nav-right\"><br \/>\n       <a href=\"https:\/\/odontologia.temp.tic.ufrj.br\/especialidades-odontologicas-parte-1\/\" rel=\"next\"><br \/>\n        <span class=\"kingster-text\"><br \/>\n         Pr\u00f3ximo<br \/>\n        <\/span><br \/>\n        <i class=\"arrow_right\"><br \/>\n        <\/i><br \/>\n       <\/a><br \/>\n      <\/span>\n     <\/div>\n<\/p><\/div>\n<\/p><\/div>\n<\/p><\/div>\n<\/p><\/div>\n<div class=\"ft\">\n<h4>\n   Education Resources<br \/>\n  <\/h4>\n<ul>\n<li>\n    <a href=\"https:\/\/en.wikipedia.org\/wiki\/Education#\"><br \/>\n     Wikipedia<br \/>\n    <\/a>\n   <\/li>\n<li>\n    <a href=\"https:\/\/www.theidioms.com\/#title\"><br \/>\n     Theidioms.com<br \/>\n    <\/a>\n   <\/li>\n<li>\n    <a href=\"https:\/\/www.britannica.com\/topic\/English-language#\"><br \/>\n     English language<br \/>\n    <\/a>\n   <\/li>\n<li>\n    <a href=\"https:\/\/twitter.com\/shayari\/#\"><br \/>\n     Shayari<br \/>\n    <\/a>\n   <\/li>\n<\/ul><\/div>\n<\/div>\n","protected":false},"excerpt":{"rendered":"<p>08 ago Esporte e Odontologia Por Gabinete Blog , Murais Educativos , Murais Educativos PET , Not\u00edcias , Odontologia Social [&hellip;]<\/p>\n","protected":false},"author":1,"featured_media":8952,"comment_status":"closed","ping_status":"closed","sticky":false,"template":"","format":"standard","meta":{"footnotes":""},"categories":[2,306,103,62,186,70,69],"tags":[],"class_list":["post-8950","post","type-post","status-publish","format-standard","has-post-thumbnail","hentry","category-blog","category-murais-educativos","category-murais-educativos-pet","category-noticias","category-odontologia-social-e-preventiva","category-pet","category-programa"],"_links":{"self":[{"href":"https:\/\/odontologia.temp.tic.ufrj.br\/index.php?rest_route=\/wp\/v2\/posts\/8950","targetHints":{"allow":["GET"]}}],"collection":[{"href":"https:\/\/odontologia.temp.tic.ufrj.br\/index.php?rest_route=\/wp\/v2\/posts"}],"about":[{"href":"https:\/\/odontologia.temp.tic.ufrj.br\/index.php?rest_route=\/wp\/v2\/types\/post"}],"author":[{"embeddable":true,"href":"https:\/\/odontologia.temp.tic.ufrj.br\/index.php?rest_route=\/wp\/v2\/users\/1"}],"replies":[{"embeddable":true,"href":"https:\/\/odontologia.temp.tic.ufrj.br\/index.php?rest_route=%2Fwp%2Fv2%2Fcomments&post=8950"}],"version-history":[{"count":0,"href":"https:\/\/odontologia.temp.tic.ufrj.br\/index.php?rest_route=\/wp\/v2\/posts\/8950\/revisions"}],"wp:featuredmedia":[{"embeddable":true,"href":"https:\/\/odontologia.temp.tic.ufrj.br\/index.php?rest_route=\/wp\/v2\/media\/8952"}],"wp:attachment":[{"href":"https:\/\/odontologia.temp.tic.ufrj.br\/index.php?rest_route=%2Fwp%2Fv2%2Fmedia&parent=8950"}],"wp:term":[{"taxonomy":"category","embeddable":true,"href":"https:\/\/odontologia.temp.tic.ufrj.br\/index.php?rest_route=%2Fwp%2Fv2%2Fcategories&post=8950"},{"taxonomy":"post_tag","embeddable":true,"href":"https:\/\/odontologia.temp.tic.ufrj.br\/index.php?rest_route=%2Fwp%2Fv2%2Ftags&post=8950"}],"curies":[{"name":"wp","href":"https:\/\/api.w.org\/{rel}","templated":true}]}}