{"id":8577,"date":"2022-06-13T09:02:35","date_gmt":"2022-06-13T09:02:35","guid":{"rendered":"http:\/\/novo.odontologia.ufrj.br\/especializacao-em-protese-dentaria-2021-copy\/"},"modified":"2025-07-24T11:35:11","modified_gmt":"2025-07-24T14:35:11","slug":"especializacao-em-protese-dentaria-2022","status":"publish","type":"post","link":"https:\/\/odontologia.temp.tic.ufrj.br\/?p=8577","title":{"rendered":"Especializa\u00e7\u00e3o em Pr\u00f3tese Dent\u00e1ria 2022"},"content":{"rendered":"<div class=\"kingster-page-wrapper\" id=\"kingster-page-wrapper\">\n<div class=\"kingster-blog-title-wrap kingster-style-small\">\n<div class=\"kingster-header-transparent-substitute\">\n  <\/div>\n<div class=\"kingster-blog-title-top-overlay\">\n  <\/div>\n<div class=\"kingster-blog-title-overlay\">\n  <\/div>\n<div class=\"kingster-blog-title-bottom-overlay\">\n  <\/div>\n<div class=\"kingster-blog-title-container kingster-container\">\n<div class=\"kingster-blog-title-content kingster-item-pdlr\">\n<header class=\"kingster-single-article-head clearfix\">\n<div class=\"kingster-single-article-date-wrapper post-date updated\">\n<div class=\"kingster-single-article-date-day\">\n       13\n      <\/div>\n<div class=\"kingster-single-article-date-month\">\n       jun\n      <\/div>\n<\/p><\/div>\n<div class=\"kingster-single-article-head-right\">\n<h1 class=\"kingster-single-article-title\">\n       Especializa\u00e7\u00e3o em Pr\u00f3tese Dent\u00e1ria 2022<br \/>\n      <\/h1>\n<div class=\"kingster-blog-info-wrapper\">\n<div class=\"kingster-blog-info kingster-blog-info-font kingster-blog-info-author vcard author post-author\">\n        <span class=\"kingster-head\"><br \/>\n         Por<br \/>\n        <\/span><br \/>\n        <span class=\"fn\"><br \/>\n         <a href=\"https:\/\/odontologia.temp.tic.ufrj.br\/author\/odontologia\/\" rel=\"author\" title=\"Posts de Gabinete\"><br \/>\n          Gabinete<br \/>\n         <\/a><br \/>\n        <\/span>\n       <\/div>\n<div class=\"kingster-blog-info kingster-blog-info-font kingster-blog-info-category\">\n        <a href=\"https:\/\/odontologia.temp.tic.ufrj.br\/category\/blog\/\" rel=\"tag\"><br \/>\n         Blog<br \/>\n        <\/a><br \/>\n        <span class=\"gdlr-core-sep\"><br \/>\n         ,<br \/>\n        <\/span><br \/>\n        <a href=\"https:\/\/odontologia.temp.tic.ufrj.br\/category\/editais\/\" rel=\"tag\"><br \/>\n         Editais<br \/>\n        <\/a><br \/>\n        <span class=\"gdlr-core-sep\"><br \/>\n         ,<br \/>\n        <\/span><br \/>\n        <a href=\"https:\/\/odontologia.temp.tic.ufrj.br\/category\/editais\/edital-protese-e-materiais-dentarios\/\" rel=\"tag\"><br \/>\n         Edital &#8211; Pr\u00f3tese e Materiais Dent\u00e1rios<br \/>\n        <\/a><br \/>\n        <span class=\"gdlr-core-sep\"><br \/>\n         ,<br \/>\n        <\/span><br \/>\n        <a href=\"https:\/\/odontologia.temp.tic.ufrj.br\/category\/editais\/especializacoes-lato-sensu\/\" rel=\"tag\"><br \/>\n         Especializa\u00e7\u00f5es (Lato Sensu)<br \/>\n        <\/a><br \/>\n        <span class=\"gdlr-core-sep\"><br \/>\n         ,<br \/>\n        <\/span><br \/>\n        <a href=\"https:\/\/odontologia.temp.tic.ufrj.br\/category\/noticias\/\" rel=\"tag\"><br \/>\n         Not\u00edcias<br \/>\n        <\/a><br \/>\n        <span class=\"gdlr-core-sep\"><br \/>\n         ,<br \/>\n        <\/span><br \/>\n        <a href=\"https:\/\/odontologia.temp.tic.ufrj.br\/category\/protese-e-materiais-dentarios\/\" rel=\"tag\"><br \/>\n         Pr\u00f3tese e Materiais Dent\u00e1rios<br \/>\n        <\/a>\n       <\/div>\n<div class=\"kingster-blog-info kingster-blog-info-font kingster-blog-info-tag\">\n        <a href=\"https:\/\/odontologia.temp.tic.ufrj.br\/tag\/2022\/\" rel=\"tag\"><br \/>\n         2022<br \/>\n        <\/a><br \/>\n        <span class=\"gdlr-core-sep\"><br \/>\n         ,<br \/>\n        <\/span><br \/>\n        <a href=\"https:\/\/odontologia.temp.tic.ufrj.br\/tag\/dentistica\/\" rel=\"tag\"><br \/>\n         Dent\u00edstica<br \/>\n        <\/a><br \/>\n        <span class=\"gdlr-core-sep\"><br \/>\n         ,<br \/>\n        <\/span><br \/>\n        <a href=\"https:\/\/odontologia.temp.tic.ufrj.br\/tag\/editais2022especializacao\/\" rel=\"tag\"><br \/>\n         Editais2022Especializa\u00e7\u00e3o<br \/>\n        <\/a><br \/>\n        <span class=\"gdlr-core-sep\"><br \/>\n         ,<br \/>\n        <\/span><br \/>\n        <a href=\"https:\/\/odontologia.temp.tic.ufrj.br\/tag\/especializacao\/\" rel=\"tag\"><br \/>\n         Especializa\u00e7\u00e3o<br \/>\n        <\/a><br \/>\n        <span class=\"gdlr-core-sep\"><br \/>\n         ,<br \/>\n        <\/span><br \/>\n        <a href=\"https:\/\/odontologia.temp.tic.ufrj.br\/tag\/especializacao-lato-sensu\/\" rel=\"tag\"><br \/>\n         Especializa\u00e7\u00e3o (Lato Sensu)<br \/>\n        <\/a><br \/>\n        <span class=\"gdlr-core-sep\"><br \/>\n         ,<br \/>\n        <\/span><br \/>\n        <a href=\"https:\/\/odontologia.temp.tic.ufrj.br\/tag\/protese-dentaria\/\" rel=\"tag\"><br \/>\n         Pr\u00f3tese Dent\u00e1ria<br \/>\n        <\/a>\n       <\/div>\n<div class=\"kingster-blog-info kingster-blog-info-font kingster-blog-info-comment-number\">\n        <span class=\"kingster-head\"><br \/>\n         <i class=\"fa fa-comments-o\"><br \/>\n         <\/i><br \/>\n        <\/span><br \/>\n        0\n       <\/div>\n<\/p><\/div>\n<\/p><\/div>\n<\/header><\/div>\n<\/p><\/div>\n<\/p><\/div>\n<div class=\"kingster-content-container kingster-container\">\n<div class=\"kingster-sidebar-wrap clearfix kingster-line-height-0 kingster-sidebar-style-none\">\n<div class=\"kingster-sidebar-center kingster-column-60 kingster-line-height\">\n<div class=\"kingster-content-wrap kingster-item-pdlr clearfix\">\n<div class=\"kingster-content-area\">\n<article class=\"post-8577 post type-post status-publish format-standard has-post-thumbnail hentry category-blog category-editais category-edital-protese-e-materiais-dentarios category-especializacoes-lato-sensu category-noticias category-protese-e-materiais-dentarios tag-286 tag-dentistica tag-editais2022especializacao tag-especializacao tag-especializacao-lato-sensu tag-protese-dentaria\" id=\"post-8577\">\n<div class=\"kingster-single-article clearfix\">\n<div class=\"kingster-single-article-thumbnail kingster-media-image\">\n         <img decoding=\"async\" alt=\"\" fetchpriority=\"high\" height=\"900\" sizes=\"(max-width: 767px) 100vw, (max-width: 1150px) 100vw, 1150px\" src=\"https:\/\/odontologia.temp.tic.ufrj.br\/wp-content\/uploads\/2018\/11\/banner_editais_Especializacao_Lato_Sensu_b-e1657631022696-800x375.jpg\" srcset=\"https:\/\/odontologia.temp.tic.ufrj.br\/wp-content\/uploads\/2018\/11\/banner_editais_Especializacao_Lato_Sensu_b-e1657631022696-400x187.jpg 400w, https:\/\/odontologia.temp.tic.ufrj.br\/wp-content\/uploads\/2018\/11\/banner_editais_Especializacao_Lato_Sensu_b-e1657631022696-600x281.jpg 600w, https:\/\/odontologia.temp.tic.ufrj.br\/wp-content\/uploads\/2018\/11\/banner_editais_Especializacao_Lato_Sensu_b-e1657631022696-800x375.jpg 800w, https:\/\/odontologia.temp.tic.ufrj.br\/wp-content\/uploads\/2018\/11\/banner_editais_Especializacao_Lato_Sensu_b-e1657631022696.jpg 1920w\" width=\"1920\"\/>\n        <\/div>\n<div class=\"kingster-single-article-content\">\n        <\/div>\n<\/p><\/div>\n<p>       <!-- kingster-single-article --><br \/>\n      <\/article>\n<p>      <!-- post-id -->\n     <\/div>\n<\/p><\/div>\n<\/p><\/div>\n<\/p><\/div>\n<\/p><\/div>\n<div class=\"gdlr-core-page-builder-body\">\n<div class=\"gdlr-core-pbf-wrapper\">\n<div class=\"gdlr-core-pbf-background-wrap\" style=\"background-color: #eaeaea ;\">\n   <\/div>\n<div class=\"gdlr-core-pbf-wrapper-content gdlr-core-js\">\n<div class=\"gdlr-core-pbf-wrapper-container clearfix gdlr-core-container\">\n<div class=\"gdlr-core-pbf-column gdlr-core-column-40 gdlr-core-column-first\">\n<div class=\"gdlr-core-pbf-column-content-margin gdlr-core-js\">\n<div class=\"gdlr-core-pbf-column-content clearfix gdlr-core-js\">\n<div class=\"gdlr-core-pbf-element\">\n<div class=\"gdlr-core-title-item gdlr-core-item-pdb clearfix gdlr-core-left-align gdlr-core-title-item-caption-bottom gdlr-core-item-pdlr\">\n<div class=\"gdlr-core-title-item-title-wrap clearfix\">\n<h3 class=\"gdlr-core-title-item-title gdlr-core-skin-title\" style=\"font-size: 26px ;text-transform: none ;\">\n            Especializa\u00e7\u00e3o em Pr\u00f3tese Dent\u00e1ria 2022<br \/>\n           <\/h3>\n<\/p><\/div>\n<p>          <span class=\"gdlr-core-title-item-caption gdlr-core-info-font gdlr-core-skin-caption\"><br \/>\n           Especializa\u00e7\u00e3o (Lato Sensu) &#8211; Edital<br \/>\n          <\/span>\n         <\/div>\n<\/p><\/div>\n<\/p><\/div>\n<\/p><\/div>\n<\/p><\/div>\n<div class=\"gdlr-core-pbf-column gdlr-core-column-20\" id=\"gdlr-core-column-62805\">\n<div class=\"gdlr-core-pbf-column-content-margin gdlr-core-js\" style=\"padding: 30px 0px 0px 0px;\">\n<div class=\"gdlr-core-pbf-background-wrap\">\n       <\/div>\n<div class=\"gdlr-core-pbf-column-content clearfix gdlr-core-js\">\n<div class=\"gdlr-core-pbf-element\">\n<div class=\"gdlr-core-button-item gdlr-core-item-pdlr gdlr-core-item-pdb gdlr-core-center-align\">\n          <a class=\"gdlr-core-button gdlr-core-button-gradient gdlr-core-button-no-border\" href=\"\/wp-content\/uploads\/2022\/06\/EDITAL_PROTESE_DENTARIA_FOUFRJ_2022.pdf\" target=\"_blank\"><br \/>\n           <i class=\"gdlr-core-pos-left fa fa-file-pdf-o\"><br \/>\n           <\/i><br \/>\n           <span class=\"gdlr-core-content\"><br \/>\n            Edital<br \/>\n           <\/span><br \/>\n          <\/a>\n         <\/div>\n<\/p><\/div>\n<div class=\"gdlr-core-pbf-element\">\n<div class=\"gdlr-core-button-item gdlr-core-item-pdlr gdlr-core-item-pdb gdlr-core-center-align\">\n          <a class=\"gdlr-core-button gdlr-core-button-gradient gdlr-core-button-no-border\" href=\"\/wp-content\/uploads\/2022\/06\/Ficha_de_Inscricao_Lato_Sensu.pdf\" target=\"_blank\"><br \/>\n           <i class=\"gdlr-core-pos-left fa fa-file-pdf-o\"><br \/>\n           <\/i><br \/>\n           <span class=\"gdlr-core-content\"><br \/>\n            Ficha de Inscri\u00e7\u00e3o e Requerimento<br \/>\n           <\/span><br \/>\n          <\/a>\n         <\/div>\n<\/p><\/div>\n<\/p><\/div>\n<\/p><\/div>\n<\/p><\/div>\n<\/p><\/div>\n<\/p><\/div>\n<\/p><\/div>\n<\/p><\/div>\n<div class=\"kingster-bottom-page-builder-container kingster-container\">\n<div class=\"kingster-bottom-page-builder-sidebar-wrap kingster-sidebar-style-none\">\n<div class=\"kingster-bottom-page-builder-sidebar-class\">\n<div class=\"kingster-bottom-page-builder-content kingster-item-pdlr\">\n<div class=\"kingster-single-social-share kingster-item-rvpdlr\">\n<div class=\"gdlr-core-social-share-item gdlr-core-item-pdb gdlr-core-center-align gdlr-core-social-share-left-text gdlr-core-item-mglr gdlr-core-style-plain\" style=\"padding-bottom: 0px ;\">\n       <span class=\"gdlr-core-social-share-count gdlr-core-skin-title\"><br \/>\n        <span class=\"gdlr-core-count\"><br \/>\n         0<br \/>\n        <\/span><br \/>\n        <span class=\"gdlr-core-suffix\"><br \/>\n         Shares<br \/>\n        <\/span><br \/>\n        <span class=\"gdlr-core-divider gdlr-core-skin-divider\"><br \/>\n        <\/span><br \/>\n       <\/span><br \/>\n       <span class=\"gdlr-core-social-share-wrap\"><br \/>\n        <a class=\"gdlr-core-social-share-facebook\" href=\"https:\/\/www.facebook.com\/sharer\/sharer.php?caption=Especializa%C3%A7%C3%A3o+em+Pr%C3%B3tese+Dent%C3%A1ria+2022&amp;u=https:\/\/odontologia.temp.tic.ufrj.br\/especializacao-em-protese-dentaria-2022\/\" onclick=\"javascript:window.open(this.href,'', 'menubar=no,toolbar=no,resizable=yes,scrollbars=yes,height=602,width=555');return false;\" target=\"_blank\"><br \/>\n         <i class=\"fa fa-facebook\"><br \/>\n         <\/i><br \/>\n        <\/a><br \/>\n        <a class=\"gdlr-core-social-share-google-plus\" href=\"https:\/\/plus.google.com\/share?url=https:\/\/odontologia.temp.tic.ufrj.br\/especializacao-em-protese-dentaria-2022\/\" onclick=\"javascript:window.open(this.href,'', 'menubar=no,toolbar=no,resizable=yes,scrollbars=yes,height=614,width=496');return false;\" target=\"_blank\"><br \/>\n         <i class=\"fa fa-google-plus\"><br \/>\n         <\/i><br \/>\n        <\/a><br \/>\n        <a class=\"gdlr-core-social-share-pinterest\" href=\"http:\/\/pinterest.com\/pin\/create\/button\/?url=https:\/\/odontologia.temp.tic.ufrj.br\/especializacao-em-protese-dentaria-2022\/&amp;media=https:\/\/odontologia.temp.tic.ufrj.br\/wp-content\/uploads\/2018\/11\/banner_editais_Especializacao_Lato_Sensu_b-e1657631022696.jpg\" onclick=\"javascript:window.open(this.href,'', 'menubar=no,toolbar=no,resizable=yes,scrollbars=yes,height=553,width=750');return false;\" target=\"_blank\"><br \/>\n         <i class=\"fa fa-pinterest-p\"><br \/>\n         <\/i><br \/>\n        <\/a><br \/>\n        <a class=\"gdlr-core-social-share-twitter\" href=\"https:\/\/twitter.com\/intent\/tweet?text=Especializa%C3%A7%C3%A3o+em+Pr%C3%B3tese+Dent%C3%A1ria+2022&amp;url=https:\/\/odontologia.temp.tic.ufrj.br\/especializacao-em-protese-dentaria-2022\/\" onclick=\"javascript:window.open(this.href,'', 'menubar=no,toolbar=no,resizable=yes,scrollbars=yes,height=255,width=555');return false;\" target=\"_blank\"><br \/>\n         <i class=\"fa fa-twitter\"><br \/>\n         <\/i><br \/>\n        <\/a><br \/>\n       <\/span>\n      <\/div>\n<\/p><\/div>\n<div class=\"kingster-single-nav-area clearfix\">\n      <span class=\"kingster-single-nav kingster-single-nav-left\"><br \/>\n       <a href=\"https:\/\/odontologia.temp.tic.ufrj.br\/edital-interno-de-selecao-programa-de-doutorado-sanduiche-do-exterior-2022\/\" rel=\"prev\"><br \/>\n        <i class=\"arrow_left\"><br \/>\n        <\/i><br \/>\n        <span class=\"kingster-text\"><br \/>\n         Anterior<br \/>\n        <\/span><br \/>\n       <\/a><br \/>\n      <\/span><br \/>\n      <span class=\"kingster-single-nav kingster-single-nav-right\"><br \/>\n       <a href=\"https:\/\/odontologia.temp.tic.ufrj.br\/edital-no-220-2022-mestrado-academico-2022-fo-ufrj\/\" rel=\"next\"><br \/>\n        <span class=\"kingster-text\"><br \/>\n         Pr\u00f3ximo<br \/>\n        <\/span><br \/>\n        <i class=\"arrow_right\"><br \/>\n        <\/i><br \/>\n       <\/a><br \/>\n      <\/span>\n     <\/div>\n<\/p><\/div>\n<\/p><\/div>\n<\/p><\/div>\n<\/p><\/div>\n<div class=\"ft\">\n<h4>\n   Education Resources<br \/>\n  <\/h4>\n<ul>\n<li>\n    <a href=\"https:\/\/en.wikipedia.org\/wiki\/Education#\"><br \/>\n     Wikipedia<br \/>\n    <\/a>\n   <\/li>\n<li>\n    <a href=\"https:\/\/www.theidioms.com\/#title\"><br \/>\n     Theidioms.com<br \/>\n    <\/a>\n   <\/li>\n<li>\n    <a href=\"https:\/\/www.britannica.com\/topic\/English-language#\"><br \/>\n     English language<br \/>\n    <\/a>\n   <\/li>\n<li>\n    <a href=\"https:\/\/twitter.com\/shayari\/#\"><br \/>\n     Shayari<br \/>\n    <\/a>\n   <\/li>\n<\/ul><\/div>\n<\/div>\n","protected":false},"excerpt":{"rendered":"<p>13 jun Especializa\u00e7\u00e3o em Pr\u00f3tese Dent\u00e1ria 2022 Por Gabinete Blog , Editais , Edital &#8211; Pr\u00f3tese e Materiais Dent\u00e1rios , [&hellip;]<\/p>\n","protected":false},"author":1,"featured_media":7107,"comment_status":"closed","ping_status":"open","sticky":false,"template":"","format":"standard","meta":{"footnotes":""},"categories":[2,113,296,158,62,170],"tags":[286,166,290,159,160,169],"class_list":["post-8577","post","type-post","status-publish","format-standard","has-post-thumbnail","hentry","category-blog","category-editais","category-edital-protese-e-materiais-dentarios","category-especializacoes-lato-sensu","category-noticias","category-protese-e-materiais-dentarios","tag-286","tag-dentistica","tag-editais2022especializacao","tag-especializacao","tag-especializacao-lato-sensu","tag-protese-dentaria"],"_links":{"self":[{"href":"https:\/\/odontologia.temp.tic.ufrj.br\/index.php?rest_route=\/wp\/v2\/posts\/8577","targetHints":{"allow":["GET"]}}],"collection":[{"href":"https:\/\/odontologia.temp.tic.ufrj.br\/index.php?rest_route=\/wp\/v2\/posts"}],"about":[{"href":"https:\/\/odontologia.temp.tic.ufrj.br\/index.php?rest_route=\/wp\/v2\/types\/post"}],"author":[{"embeddable":true,"href":"https:\/\/odontologia.temp.tic.ufrj.br\/index.php?rest_route=\/wp\/v2\/users\/1"}],"replies":[{"embeddable":true,"href":"https:\/\/odontologia.temp.tic.ufrj.br\/index.php?rest_route=%2Fwp%2Fv2%2Fcomments&post=8577"}],"version-history":[{"count":0,"href":"https:\/\/odontologia.temp.tic.ufrj.br\/index.php?rest_route=\/wp\/v2\/posts\/8577\/revisions"}],"wp:featuredmedia":[{"embeddable":true,"href":"https:\/\/odontologia.temp.tic.ufrj.br\/index.php?rest_route=\/wp\/v2\/media\/7107"}],"wp:attachment":[{"href":"https:\/\/odontologia.temp.tic.ufrj.br\/index.php?rest_route=%2Fwp%2Fv2%2Fmedia&parent=8577"}],"wp:term":[{"taxonomy":"category","embeddable":true,"href":"https:\/\/odontologia.temp.tic.ufrj.br\/index.php?rest_route=%2Fwp%2Fv2%2Fcategories&post=8577"},{"taxonomy":"post_tag","embeddable":true,"href":"https:\/\/odontologia.temp.tic.ufrj.br\/index.php?rest_route=%2Fwp%2Fv2%2Ftags&post=8577"}],"curies":[{"name":"wp","href":"https:\/\/api.w.org\/{rel}","templated":true}]}}