{"id":7765,"date":"2020-11-24T17:24:20","date_gmt":"2020-11-24T20:24:20","guid":{"rendered":"http:\/\/novo.odontologia.ufrj.br\/course\/modelo-extenao-copy\/"},"modified":"2020-11-24T17:25:57","modified_gmt":"2020-11-24T20:25:57","slug":"territorio-comunidade-e-saude","status":"publish","type":"post","link":"https:\/\/odontologia.temp.tic.ufrj.br\/?p=7765","title":{"rendered":"Territ\u00f3rio Comunidade e Sa\u00fade"},"content":{"rendered":"<div class=\"kingster-page-wrapper\" id=\"kingster-page-wrapper\">\n<div class=\"gdlr-core-page-builder-body\">\n<div class=\"gdlr-core-pbf-sidebar-wrapper\">\n<div class=\"gdlr-core-pbf-sidebar-container gdlr-core-line-height-0 clearfix gdlr-core-js gdlr-core-container\">\n<div class=\"gdlr-core-pbf-sidebar-content gdlr-core-column-40 gdlr-core-pbf-sidebar-padding gdlr-core-line-height gdlr-core-column-extend-left\">\n<div class=\"gdlr-core-pbf-sidebar-content-inner\">\n<div class=\"gdlr-core-pbf-element\">\n<div class=\"gdlr-core-text-box-item gdlr-core-item-pdlr gdlr-core-item-pdb gdlr-core-left-align\">\n<div class=\"gdlr-core-text-box-item-content\" style=\"text-transform: none ;\">\n<div class=\"content-wrapper\">\n<div class=\"content wk-content clearfix\">\n           <strong><br \/>\n            Nome do coordenador:<br \/>\n           <\/strong>\n          <\/div>\n<div>\n           <strong><br \/>\n            Contato<br \/>\n           <\/strong><br \/>\n           :<br \/>\n           <span id=\"cloake2181cc84fb406a67219886e65196aaa\"><br \/>\n            <span id=\"cloak72974e478f61c7ed6e65f2fde345fc39\"><br \/>\n            <\/span><br \/>\n           <\/span>\n          <\/div>\n<div class=\"content wk-content clearfix\">\n           <strong><br \/>\n            Departamento<br \/>\n           <\/strong><br \/>\n           :<br \/>\n           <br \/>\n           <strong><br \/>\n            T\u00edtulo da a\u00e7\u00e3o:<br \/>\n           <\/strong>\n          <\/div>\n<\/p><\/div>\n<\/p><\/div>\n<\/p><\/div>\n<\/p><\/div>\n<div class=\"gdlr-core-pbf-element\">\n<div class=\"gdlr-core-divider-item gdlr-core-divider-item-normal gdlr-core-item-pdlr gdlr-core-center-align\" style=\"margin-bottom: 60px ;\">\n<div class=\"gdlr-core-divider-line gdlr-core-skin-divider\" style=\"border-color: #79362c ;\">\n        <\/div>\n<\/p><\/div>\n<\/p><\/div>\n<div class=\"gdlr-core-pbf-column gdlr-core-column-30 gdlr-core-column-first\">\n<div class=\"gdlr-core-pbf-column-content-margin gdlr-core-js\">\n<div class=\"gdlr-core-pbf-column-content clearfix gdlr-core-js\">\n<div class=\"gdlr-core-pbf-element\">\n<div class=\"gdlr-core-title-item gdlr-core-item-pdb clearfix gdlr-core-left-align gdlr-core-title-item-caption-top gdlr-core-item-pdlr\">\n<div class=\"gdlr-core-title-item-title-wrap clearfix\">\n<h4 class=\"gdlr-core-title-item-title gdlr-core-skin-title\" style=\"font-size: 18px ;text-transform: none ;\">\n             Projetos de Extens\u00e3o<br \/>\n            <\/h4>\n<\/p><\/div>\n<\/p><\/div>\n<\/p><\/div>\n<div class=\"gdlr-core-pbf-element\">\n<div class=\"gdlr-core-course-item gdlr-core-item-pdlr gdlr-core-item-pdb gdlr-core-course-style-list\">\n<div class=\"gdlr-core-course-item-list\">\n            <a class=\"gdlr-core-course-item-link\" href=\"https:\/\/www.odontologia.ufrj.br\/course\/promocao-de-saude-do-trabalhador\/\"><br \/>\n             <span class=\"gdlr-core-course-item-title gdlr-core-skin-title\"><br \/>\n              Promo\u00e7\u00e3o de Sa\u00fade do Trabalhador<br \/>\n             <\/span><br \/>\n             <i class=\"gdlr-core-course-item-icon gdlr-core-skin-icon fa fa-long-arrow-right\"><br \/>\n             <\/i><br \/>\n            <\/a>\n           <\/div>\n<div class=\"gdlr-core-course-item-list\">\n            <a class=\"gdlr-core-course-item-link\" href=\"https:\/\/www.odontologia.ufrj.br\/course\/promocao-prevencao-e-educacao-oral-a-influencia-da-saude-bucal-na-construcao-da-crianca\/\"><br \/>\n             <span class=\"gdlr-core-course-item-title gdlr-core-skin-title\"><br \/>\n              Promo\u00e7\u00e3o, preven\u00e7\u00e3o e educa\u00e7\u00e3o oral: a influ\u00eancia da sa\u00fade bucal na constru\u00e7\u00e3o da crian\u00e7a<br \/>\n             <\/span><br \/>\n             <i class=\"gdlr-core-course-item-icon gdlr-core-skin-icon fa fa-long-arrow-right\"><br \/>\n             <\/i><br \/>\n            <\/a>\n           <\/div>\n<div class=\"gdlr-core-course-item-list\">\n            <a class=\"gdlr-core-course-item-link\" href=\"https:\/\/www.odontologia.ufrj.br\/course\/reengenharia-da-clinica-de-atendimento-referenciado-do-departamento-de-odontologia-social-e-preventiva-da-ufrj\/\"><br \/>\n             <span class=\"gdlr-core-course-item-title gdlr-core-skin-title\"><br \/>\n              Reengenharia da Cl\u00ednica de Atendimento Referenciado do Departamento de Odontologia Social e Preventiva da UFRJ<br \/>\n             <\/span><br \/>\n             <i class=\"gdlr-core-course-item-icon gdlr-core-skin-icon fa fa-long-arrow-right\"><br \/>\n             <\/i><br \/>\n            <\/a>\n           <\/div>\n<div class=\"gdlr-core-course-item-list\">\n            <a class=\"gdlr-core-course-item-link\" href=\"https:\/\/www.odontologia.ufrj.br\/course\/reorientacao-da-formacao-profissional-em-odontologia-ufrj-experiencias-no-sus-com-enfase-nos-determinantes-sociais-de-saude-e-fatores-de-risco-para-as-doencas-periodontais\/\"><br \/>\n             <span class=\"gdlr-core-course-item-title gdlr-core-skin-title\"><br \/>\n              Reorienta\u00e7\u00e3o da forma\u00e7\u00e3o profissional em odontologia \u2013 ufrj- experi\u00eancias no sus com \u00eanfase nos determinantes sociais de sa\u00fade e fatores de risco para as doen\u00e7as periodontais<br \/>\n             <\/span><br \/>\n             <i class=\"gdlr-core-course-item-icon gdlr-core-skin-icon fa fa-long-arrow-right\"><br \/>\n             <\/i><br \/>\n            <\/a>\n           <\/div>\n<div class=\"gdlr-core-course-item-list\">\n            <a class=\"gdlr-core-course-item-link\" href=\"https:\/\/www.odontologia.ufrj.br\/course\/roda-de-saude-bucal\/\"><br \/>\n             <span class=\"gdlr-core-course-item-title gdlr-core-skin-title\"><br \/>\n              Roda de sa\u00fade bucal<br \/>\n             <\/span><br \/>\n             <i class=\"gdlr-core-course-item-icon gdlr-core-skin-icon fa fa-long-arrow-right\"><br \/>\n             <\/i><br \/>\n            <\/a>\n           <\/div>\n<div class=\"gdlr-core-course-item-list\">\n            <a class=\"gdlr-core-course-item-link\" href=\"https:\/\/www.odontologia.ufrj.br\/course\/saude-bucal-no-esporte\/\"><br \/>\n             <span class=\"gdlr-core-course-item-title gdlr-core-skin-title\"><br \/>\n              Sa\u00fade Bucal no Esporte<br \/>\n             <\/span><br \/>\n             <i class=\"gdlr-core-course-item-icon gdlr-core-skin-icon fa fa-long-arrow-right\"><br \/>\n             <\/i><br \/>\n            <\/a>\n           <\/div>\n<div class=\"gdlr-core-course-item-list\">\n            <a class=\"gdlr-core-course-item-link\" href=\"https:\/\/www.odontologia.ufrj.br\/course\/acolhimento-humanizado-e-triagem-aos-usuarios-que-pleiteiam-tratamento-nas-clinicas-de-adulto-da-faculdade-de-odontologia-da-ufrj\/\"><br \/>\n             <span class=\"gdlr-core-course-item-title gdlr-core-skin-title\"><br \/>\n              Acolhimento Humanizado  e triagem aos usu\u00e1rios que pleiteiam tratamento nas cl\u00ednicas de adulto da Faculdade de Odontologia da UFRJ<br \/>\n             <\/span><br \/>\n             <i class=\"gdlr-core-course-item-icon gdlr-core-skin-icon fa fa-long-arrow-right\"><br \/>\n             <\/i><br \/>\n            <\/a>\n           <\/div>\n<div class=\"gdlr-core-course-item-list\">\n            <a class=\"gdlr-core-course-item-link\" href=\"https:\/\/www.odontologia.ufrj.br\/course\/territorio-comunidade-e-saude\/\"><br \/>\n             <span class=\"gdlr-core-course-item-title gdlr-core-skin-title\"><br \/>\n              Territ\u00f3rio Comunidade e Sa\u00fade<br \/>\n             <\/span><br \/>\n             <i class=\"gdlr-core-course-item-icon gdlr-core-skin-icon fa fa-long-arrow-right\"><br \/>\n             <\/i><br \/>\n            <\/a>\n           <\/div>\n<div class=\"gdlr-core-course-item-list\">\n            <a class=\"gdlr-core-course-item-link\" href=\"https:\/\/www.odontologia.ufrj.br\/course\/atendimento-odontologico-para-mulheres-em-situacao-de-violencia-de-genero-projeto-metamorfose\/\"><br \/>\n             <span class=\"gdlr-core-course-item-title gdlr-core-skin-title\"><br \/>\n              Atendimento odontol\u00f3gico para mulheres em situa\u00e7\u00e3o de viol\u00eancia de g\u00eanero: Projeto Metamorfose<br \/>\n             <\/span><br \/>\n             <i class=\"gdlr-core-course-item-icon gdlr-core-skin-icon fa fa-long-arrow-right\"><br \/>\n             <\/i><br \/>\n            <\/a>\n           <\/div>\n<div class=\"gdlr-core-course-item-list\">\n            <a class=\"gdlr-core-course-item-link\" href=\"https:\/\/www.odontologia.ufrj.br\/course\/uso-da-diplomacia-para-promocao-de-saude-bucal-atraves-da-alianca-para-saude-oral-sem-fronteiras\/\"><br \/>\n             <span class=\"gdlr-core-course-item-title gdlr-core-skin-title\"><br \/>\n              Uso da Diplomacia para Promo\u00e7\u00e3o de Sa\u00fade Bucal atrav\u00e9s da Alian\u00e7a para Sa\u00fade Oral sem Fronteiras<br \/>\n             <\/span><br \/>\n             <i class=\"gdlr-core-course-item-icon gdlr-core-skin-icon fa fa-long-arrow-right\"><br \/>\n             <\/i><br \/>\n            <\/a>\n           <\/div>\n<div class=\"gdlr-core-course-item-list\">\n            <a class=\"gdlr-core-course-item-link\" href=\"https:\/\/www.odontologia.ufrj.br\/course\/modelo-extenao\/\"><br \/>\n             <span class=\"gdlr-core-course-item-title gdlr-core-skin-title\"><br \/>\n              Modelo Exten\u00e3o<br \/>\n             <\/span><br \/>\n             <i class=\"gdlr-core-course-item-icon gdlr-core-skin-icon fa fa-long-arrow-right\"><br \/>\n             <\/i><br \/>\n            <\/a>\n           <\/div>\n<div class=\"gdlr-core-course-item-list\">\n            <a class=\"gdlr-core-course-item-link\" href=\"https:\/\/www.odontologia.ufrj.br\/course\/consultorios-odontologicos-itinerantes-e-programa-saude-na-escola-uma-estrategia-de-atencao-a-saude-bucal-com-integralidade-multidisciplinaridade-acao-social-e-cidadania\/\"><br \/>\n             <span class=\"gdlr-core-course-item-title gdlr-core-skin-title\"><br \/>\n              Consult\u00f3rios Odontol\u00f3gicos Itinerantes e Programa Sa\u00fade Na Escola: Uma Estrat\u00e9gia de Aten\u00e7\u00e3o \u00e0 Sa\u00fade Bucal com Integralidade, Multidisciplinaridade, A\u00e7\u00e3o Social e Cidadania<br \/>\n             <\/span><br \/>\n             <i class=\"gdlr-core-course-item-icon gdlr-core-skin-icon fa fa-long-arrow-right\"><br \/>\n             <\/i><br \/>\n            <\/a>\n           <\/div>\n<\/p><\/div>\n<\/p><\/div>\n<\/p><\/div>\n<\/p><\/div>\n<\/p><\/div>\n<\/p><\/div>\n<\/p><\/div>\n<div class=\"gdlr-core-pbf-sidebar-right gdlr-core-column-extend-right kingster-sidebar-area gdlr-core-column-20 gdlr-core-pbf-sidebar-padding gdlr-core-line-height\">\n    <\/div>\n<\/p><\/div>\n<\/p><\/div>\n<\/p><\/div>\n<div class=\"ft\">\n<h4>\n   Education Resources<br \/>\n  <\/h4>\n<ul>\n<li>\n    <a href=\"https:\/\/en.wikipedia.org\/wiki\/Education#\"><br \/>\n     Wikipedia<br \/>\n    <\/a>\n   <\/li>\n<li>\n    <a href=\"https:\/\/www.theidioms.com\/#title\"><br \/>\n     Theidioms.com<br \/>\n    <\/a>\n   <\/li>\n<li>\n    <a href=\"https:\/\/www.britannica.com\/topic\/English-language#\"><br \/>\n     English language<br \/>\n    <\/a>\n   <\/li>\n<li>\n    <a href=\"https:\/\/twitter.com\/shayari\/#\"><br \/>\n     Shayari<br \/>\n    <\/a>\n   <\/li>\n<\/ul><\/div>\n<\/div>\n","protected":false},"excerpt":{"rendered":"<p>Nome do coordenador: Contato : Departamento : T\u00edtulo da a\u00e7\u00e3o: Projetos de Extens\u00e3o Promo\u00e7\u00e3o de Sa\u00fade do Trabalhador Promo\u00e7\u00e3o, preven\u00e7\u00e3o [&hellip;]<\/p>\n","protected":false},"author":1,"featured_media":0,"comment_status":"closed","ping_status":"closed","sticky":false,"template":"","format":"standard","meta":{"footnotes":""},"categories":[],"tags":[],"class_list":["post-7765","post","type-post","status-publish","format-standard","hentry"],"_links":{"self":[{"href":"https:\/\/odontologia.temp.tic.ufrj.br\/index.php?rest_route=\/wp\/v2\/posts\/7765","targetHints":{"allow":["GET"]}}],"collection":[{"href":"https:\/\/odontologia.temp.tic.ufrj.br\/index.php?rest_route=\/wp\/v2\/posts"}],"about":[{"href":"https:\/\/odontologia.temp.tic.ufrj.br\/index.php?rest_route=\/wp\/v2\/types\/post"}],"author":[{"embeddable":true,"href":"https:\/\/odontologia.temp.tic.ufrj.br\/index.php?rest_route=\/wp\/v2\/users\/1"}],"replies":[{"embeddable":true,"href":"https:\/\/odontologia.temp.tic.ufrj.br\/index.php?rest_route=%2Fwp%2Fv2%2Fcomments&post=7765"}],"version-history":[{"count":0,"href":"https:\/\/odontologia.temp.tic.ufrj.br\/index.php?rest_route=\/wp\/v2\/posts\/7765\/revisions"}],"wp:attachment":[{"href":"https:\/\/odontologia.temp.tic.ufrj.br\/index.php?rest_route=%2Fwp%2Fv2%2Fmedia&parent=7765"}],"wp:term":[{"taxonomy":"category","embeddable":true,"href":"https:\/\/odontologia.temp.tic.ufrj.br\/index.php?rest_route=%2Fwp%2Fv2%2Fcategories&post=7765"},{"taxonomy":"post_tag","embeddable":true,"href":"https:\/\/odontologia.temp.tic.ufrj.br\/index.php?rest_route=%2Fwp%2Fv2%2Ftags&post=7765"}],"curies":[{"name":"wp","href":"https:\/\/api.w.org\/{rel}","templated":true}]}}