{"id":7342,"date":"2020-11-19T08:28:01","date_gmt":"2020-11-19T11:28:01","guid":{"rendered":"http:\/\/novo.odontologia.ufrj.br\/?post_type=course&#038;p=7342"},"modified":"2022-06-17T10:40:27","modified_gmt":"2022-06-17T10:40:27","slug":"atencao-primaria-em-odontologia-apo","status":"publish","type":"post","link":"https:\/\/odontologia.temp.tic.ufrj.br\/?p=7342","title":{"rendered":"Aten\u00e7\u00e3o Prim\u00e1ria em Odontologia"},"content":{"rendered":"<div class=\"kingster-page-wrapper\" id=\"kingster-page-wrapper\">\n<div class=\"gdlr-core-page-builder-body\">\n<div class=\"gdlr-core-pbf-sidebar-wrapper\">\n<div class=\"gdlr-core-pbf-sidebar-container gdlr-core-line-height-0 clearfix gdlr-core-js gdlr-core-container\">\n<div class=\"gdlr-core-pbf-sidebar-content gdlr-core-column-40 gdlr-core-pbf-sidebar-padding gdlr-core-line-height gdlr-core-column-extend-left\">\n<div class=\"gdlr-core-pbf-sidebar-content-inner\">\n<div class=\"gdlr-core-pbf-element\">\n<div class=\"gdlr-core-text-box-item gdlr-core-item-pdlr gdlr-core-item-pdb gdlr-core-left-align\">\n<div class=\"gdlr-core-text-box-item-content\" style=\"text-transform: none ;\">\n<div class=\"content-wrapper\">\n<div class=\"content wk-content clearfix\">\n<div class=\"content-wrapper\">\n<div class=\"content wk-content clearfix\">\n             <strong><br \/>\n              Professor Respons\u00e1vel:<br \/>\n             <\/strong><br \/>\n             Lucianne Cople Maia\n            <\/div>\n<div>\n            <\/div>\n<div class=\"content wk-content clearfix\">\n             <strong><br \/>\n              1. Ementa:<br \/>\n             <\/strong><br \/>\n             Abordagem hol\u00edstica da Odontologia, com enfoque nos aspectos \u00e9ticos, s\u00f3cio-econ\u00f4micos e culturais, proporcionando ao acad\u00eamico a possibilidade de trabalhar na cl\u00ednica e na comunidade, com uma vis\u00e3o de promo\u00e7\u00e3o de sa\u00fade.\n            <\/div>\n<div>\n            <\/div>\n<div class=\"content wk-content clearfix\">\n             <strong><br \/>\n              2. Carga-hor\u00e1ria sem.\/aluno:<br \/>\n             <\/strong><br \/>\n             OT \u2013 3P.<br \/>\n             <strong><br \/>\n              Carga hor\u00e1ria gl.\/aluno:<br \/>\n             <\/strong><br \/>\n             45 h.<br \/>\n             <br \/>\n             <strong><br \/>\n              3. Pr\u00e9-requisitos:<br \/>\n             <\/strong><br \/>\n             Trabalho de Campo em Odontologia \u2013 ODS X01 P<br \/>\n             <br \/>\n             <strong><br \/>\n              4. Cr\u00e9ditos:<br \/>\n             <\/strong><br \/>\n             01\n            <\/div>\n<\/p><\/div>\n<\/p><\/div>\n<\/p><\/div>\n<\/p><\/div>\n<\/p><\/div>\n<\/p><\/div>\n<div class=\"gdlr-core-pbf-element\">\n<div class=\"gdlr-core-divider-item gdlr-core-divider-item-normal gdlr-core-item-pdlr gdlr-core-center-align\" style=\"margin-bottom: 60px ;\">\n<div class=\"gdlr-core-divider-line gdlr-core-skin-divider\" style=\"border-color: #79362c ;\">\n        <\/div>\n<\/p><\/div>\n<\/p><\/div>\n<div class=\"gdlr-core-pbf-column gdlr-core-column-30 gdlr-core-column-first\">\n<div class=\"gdlr-core-pbf-column-content-margin gdlr-core-js\">\n<div class=\"gdlr-core-pbf-column-content clearfix gdlr-core-js\">\n<div class=\"gdlr-core-pbf-element\">\n<div class=\"gdlr-core-title-item gdlr-core-item-pdb clearfix gdlr-core-left-align gdlr-core-title-item-caption-top gdlr-core-item-pdlr\">\n<div class=\"gdlr-core-title-item-title-wrap clearfix\">\n<h4 class=\"gdlr-core-title-item-title gdlr-core-skin-title\" style=\"font-size: 18px ;text-transform: none ;\">\n             Disciplinas Obrigat\u00f3rias<br \/>\n            <\/h4>\n<\/p><\/div>\n<\/p><\/div>\n<\/p><\/div>\n<div class=\"gdlr-core-pbf-element\">\n<div class=\"gdlr-core-course-item gdlr-core-item-pdlr gdlr-core-item-pdb gdlr-core-course-style-list\">\n<div class=\"gdlr-core-course-item-list\">\n            <a class=\"gdlr-core-course-item-link\" href=\"https:\/\/www.odontologia.ufrj.br\/course\/atencao-primaria-em-odontologia-apo\/\"><br \/>\n             <span class=\"gdlr-core-course-item-title gdlr-core-skin-title\"><br \/>\n              Aten\u00e7\u00e3o Prim\u00e1ria em Odontologia<br \/>\n             <\/span><br \/>\n             <i class=\"gdlr-core-course-item-icon gdlr-core-skin-icon fa fa-long-arrow-right\"><br \/>\n             <\/i><br \/>\n            <\/a>\n           <\/div>\n<div class=\"gdlr-core-course-item-list\">\n            <a class=\"gdlr-core-course-item-link\" href=\"https:\/\/www.odontologia.ufrj.br\/course\/odontopediatria-i\/\"><br \/>\n             <span class=\"gdlr-core-course-item-title gdlr-core-skin-title\"><br \/>\n              Odontopediatria I<br \/>\n             <\/span><br \/>\n             <i class=\"gdlr-core-course-item-icon gdlr-core-skin-icon fa fa-long-arrow-right\"><br \/>\n             <\/i><br \/>\n            <\/a>\n           <\/div>\n<div class=\"gdlr-core-course-item-list\">\n            <a class=\"gdlr-core-course-item-link\" href=\"https:\/\/www.odontologia.ufrj.br\/course\/odontopediatria-ii\/\"><br \/>\n             <span class=\"gdlr-core-course-item-title gdlr-core-skin-title\"><br \/>\n              Odontopediatria II<br \/>\n             <\/span><br \/>\n             <i class=\"gdlr-core-course-item-icon gdlr-core-skin-icon fa fa-long-arrow-right\"><br \/>\n             <\/i><br \/>\n            <\/a>\n           <\/div>\n<\/p><\/div>\n<\/p><\/div>\n<\/p><\/div>\n<\/p><\/div>\n<\/p><\/div>\n<div class=\"gdlr-core-pbf-column gdlr-core-column-30\">\n<div class=\"gdlr-core-pbf-column-content-margin gdlr-core-js\">\n<div class=\"gdlr-core-pbf-column-content clearfix gdlr-core-js\">\n<div class=\"gdlr-core-pbf-element\">\n<div class=\"gdlr-core-title-item gdlr-core-item-pdb clearfix gdlr-core-left-align gdlr-core-title-item-caption-top gdlr-core-item-pdlr\">\n<div class=\"gdlr-core-title-item-title-wrap clearfix\">\n<h4 class=\"gdlr-core-title-item-title gdlr-core-skin-title\" style=\"font-size: 18px ;text-transform: none ;\">\n             Disciplinas Eletivas<br \/>\n            <\/h4>\n<\/p><\/div>\n<\/p><\/div>\n<\/p><\/div>\n<div class=\"gdlr-core-pbf-element\">\n<div class=\"gdlr-core-course-item gdlr-core-item-pdlr gdlr-core-item-pdb gdlr-core-course-style-list\">\n<div class=\"gdlr-core-course-not-found\">\n            N\u00e3o h\u00e1 nenhum item que corresponda aos seus crit\u00e9rios de pesquisa. Tente novamente com palavras-chave diferentes.\n           <\/div>\n<\/p><\/div>\n<\/p><\/div>\n<\/p><\/div>\n<\/p><\/div>\n<\/p><\/div>\n<\/p><\/div>\n<\/p><\/div>\n<div class=\"gdlr-core-pbf-sidebar-right gdlr-core-column-extend-right kingster-sidebar-area gdlr-core-column-20 gdlr-core-pbf-sidebar-padding gdlr-core-line-height\">\n<div class=\"gdlr-core-sidebar-item gdlr-core-item-pdlr\">\n<div class=\"widget widget_text kingster-widget\" id=\"text-55\">\n<div class=\"textwidget\">\n<h5 style=\"padding: 8px; background-color: #ededed; border-bottom: #6C1D1F solid 2px;\">\n         Odontopediatria<br \/>\n        <\/h5>\n<\/p><\/div>\n<\/p><\/div>\n<div class=\"widget widget_text kingster-widget\" id=\"text-42\">\n<div class=\"textwidget\">\n<div class=\"gdlr-core-widget-box-shortcode\" style=\"color: #ffffff ;padding: 30px 45px;background-color: #192f59 ;\">\n<div class=\"gdlr-core-widget-box-shortcode-content\">\n<h3 style=\"font-size: 20px; color: #fff; margin-bottom: 25px;\">\n           Informa\u00e7\u00f5es do departamento<br \/>\n          <\/h3>\n<p>\n           <span style=\"color: #9d7853; font-size: 18px; font-weight: 600;\"><br \/>\n            Disciplina de Odontopediatria<br \/>\n           <\/span>\n          <\/p>\n<p>\n           <span style=\"font-size: 15px;\"><br \/>\n            Secret\u00e1rio Geral:<br \/>\n            <strong><br \/>\n             Robson Cl\u00f3vis de Azevedo<br \/>\n            <\/strong><br \/>\n            <br \/>\n           <\/span>\n          <\/p>\n<p>\n           <span style=\"font-size: 15px;\"><br \/>\n            Telefone da secretaria:<br \/>\n           <\/span><br \/>\n           <br \/>\n           <span style=\"font-size: 15px; color: #3db166;\"><br \/>\n            21 3938-2098<br \/>\n           <\/span>\n          <\/p>\n<p>\n           <span style=\"font-size: 15px;\"><br \/>\n            Telefone da recep\u00e7\u00e3o de pacientes:<br \/>\n           <\/span><br \/>\n           <br \/>\n           <span style=\"font-size: 15px; color: #3db166;\"><br \/>\n            21 3938-2101 \u2013 Ramal 5<br \/>\n           <\/span>\n          <\/p>\n<p>\n           <a href=\"mailto:patologia@odonto.ufrj.br\" style=\"font-size: 15px; color: #9d7853;\"><br \/>\n            odontopediatria@odonto.ufrj.br<br \/>\n           <\/a>\n          <\/p>\n<p>\n           <strong style=\"font-size: 18px;\"><br \/>\n            Informa\u00e7\u00e3o para os pacientes interessados em tratamento odontol\u00f3gico para crian\u00e7as:<br \/>\n           <\/strong>\n          <\/p>\n<ul style=\"font-size: 15px;\">\n<li>\n            Triagem: (1\u00aa consulta)<br \/>\n            <span style=\"color: #3db166;\"><br \/>\n             Sempre \u00e0s segundas-feiras<br \/>\n            <\/span><br \/>\n            <a href=\"#agendamento\" style=\"color: #fff;\"><br \/>\n             [*]<br \/>\n            <\/a>\n           <\/li>\n<li>\n            Cl\u00ednica de Traumatismo Dent\u00e1rio:<br \/>\n            <i><br \/>\n             N\u00e3o necessita agendamento pr\u00e9vio<br \/>\n            <\/i>\n           <\/li>\n<li>\n            Cl\u00ednica para Beb\u00eas (de 0 at\u00e9 2 anos):<br \/>\n            <span style=\"color: #3db166;\"><br \/>\n             Sempre \u00e0s ter\u00e7as-feiras (manh\u00e3 e tarde)<br \/>\n            <\/span><br \/>\n            <a href=\"#agendamento\" style=\"color: #fff;\"><br \/>\n             [*]<br \/>\n            <\/a>\n           <\/li>\n<li>\n            Cl\u00ednica de Pacientes Especiais:<br \/>\n            <span style=\"color: #3db166;\"><br \/>\n             Sempre \u00e0s quintas-feiras<br \/>\n            <\/span><br \/>\n            <a href=\"#agendamento\" style=\"color: #fff;\"><br \/>\n             [*]<br \/>\n            <\/a>\n           <\/li>\n<\/ul>\n<div id=\"agendamento\">\n          <\/div>\n<p>\n           <strong><br \/>\n            [*] Necessita agendamento e triagem atrav\u00e9s do telefone:<br \/>\n            <span style=\"font-size: 15px; color: #3db166;\"><br \/>\n             21 3938-2101 Ramal 5 (Recep\u00e7\u00e3o).<br \/>\n            <\/span><br \/>\n           <\/strong>\n          <\/p>\n<p>\n           <strong style=\"text-transform: uppercase; color: #9d7853; font-size: 15px;\"><br \/>\n            Atendimento de Emerg\u00eancia:<br \/>\n           <\/strong><br \/>\n           <br \/>\n           <span style=\"font-size: 15px; color: #3db166;\"><br \/>\n            De 2\u00aa \u00e0 5\u00aa feira em hor\u00e1rio integral e \u00e0s sextas-feiras no per\u00edodo da manh\u00e3.<br \/>\n           <\/span><br \/>\n           <br \/>\n           <i><br \/>\n            N\u00e3o necessita agendamento pr\u00e9vio.<br \/>\n           <\/i>\n          <\/p>\n<p>\n           <span style=\"font-size: 14px;\"><br \/>\n            <br \/>\n            Rua Prof. Rodolpho Paulo Rocco 325<br \/>\n            <br \/>\n            1\u00b0 andar \u2013 Ilha da Cidade Universit\u00e1ria<br \/>\n            <br \/>\n            Rio de Janeiro \u2013 RJ \u2013 Cep: 21.941-913<br \/>\n           <\/span>\n          <\/p>\n<p>          <span class=\"gdlr-core-space-shortcode\" style=\"margin-top: 40px ;\"><br \/>\n          <\/span><\/p>\n<h3 style=\"font-size: 20px; color: #fff; margin-bottom: 15px;\">\n           M\u00eddias Sociais<br \/>\n          <\/h3>\n<div class=\"gdlr-core-social-network-item gdlr-core-item-pdb gdlr-core-none-align\" style=\"padding-bottom: 0px ;\">\n           <a class=\"gdlr-core-social-network-icon\" href=\"#url\" style=\"color: #9D7853 ;\" target=\"_blank\" title=\"facebook\"><br \/>\n            <i class=\"fa fa-facebook\"><br \/>\n            <\/i><br \/>\n           <\/a><br \/>\n           <a class=\"gdlr-core-social-network-icon\" href=\"#\" style=\"color: #9D7853 ;\" target=\"_blank\" title=\"google-plus\"><br \/>\n            <i class=\"fa fa-google-plus\"><br \/>\n            <\/i><br \/>\n           <\/a><br \/>\n           <a class=\"gdlr-core-social-network-icon\" href=\"#\" style=\"color: #9D7853 ;\" target=\"_blank\" title=\"linkedin\"><br \/>\n            <i class=\"fa fa-linkedin\"><br \/>\n            <\/i><br \/>\n           <\/a><br \/>\n           <a class=\"gdlr-core-social-network-icon\" href=\"#\" style=\"color: #9D7853 ;\" target=\"_blank\" title=\"skype\"><br \/>\n            <i class=\"fa fa-skype\"><br \/>\n            <\/i><br \/>\n           <\/a><br \/>\n           <a class=\"gdlr-core-social-network-icon\" href=\"#url\" style=\"color: #9D7853 ;\" target=\"_blank\" title=\"twitter\"><br \/>\n            <i class=\"fa fa-twitter\"><br \/>\n            <\/i><br \/>\n           <\/a><br \/>\n           <a class=\"gdlr-core-social-network-icon\" href=\"#\" style=\"color: #9D7853 ;\" target=\"_blank\" title=\"instagram\"><br \/>\n            <i class=\"fa fa-instagram\"><br \/>\n            <\/i><br \/>\n           <\/a>\n          <\/div>\n<p>          <span class=\"gdlr-core-space-shortcode\" style=\"margin-top: 40px ;\"><br \/>\n          <\/span><br \/>\n          <a class=\"gdlr-core-button gdlr-core-button-shortcode gdlr-core-button-gradient gdlr-core-button-no-border\" href=\"\/odontopediatria-e-ortodontia\/odontopediatria\/tecnicos-administrativos-odontopediatria\/\" style=\"padding: 16px 27px 18px;margin-right: 20px;border-radius: 2px;-moz-border-radius: 2px;-webkit-border-radius: 2px;\"><br \/>\n           <span class=\"gdlr-core-content\"><br \/>\n            T\u00e9cnicos Administrativos<br \/>\n           <\/span><br \/>\n          <\/a><\/p>\n<p>          <a class=\"gdlr-core-button gdlr-core-button-shortcode gdlr-core-button-gradient gdlr-core-button-no-border\" href=\"\/odontopediatria-e-ortodontia\/ortodontia\/\" style=\"padding: 16px 27px 18px;margin-right: 20px;border-radius: 2px;-moz-border-radius: 2px;-webkit-border-radius: 2px;\"><br \/>\n           <span class=\"gdlr-core-content\"><br \/>\n            Visite a p\u00e1gina de ORTODONTIA<br \/>\n           <\/span><br \/>\n          <\/a><\/p>\n<\/p><\/div>\n<\/p><\/div>\n<\/p><\/div>\n<\/p><\/div>\n<\/p><\/div>\n<\/p><\/div>\n<\/p><\/div>\n<\/p><\/div>\n<\/p><\/div>\n<div class=\"ft\">\n<h4>\n   Education Resources<br \/>\n  <\/h4>\n<ul>\n<li>\n    <a href=\"https:\/\/en.wikipedia.org\/wiki\/Education#\"><br \/>\n     Wikipedia<br \/>\n    <\/a>\n   <\/li>\n<li>\n    <a href=\"https:\/\/www.theidioms.com\/#title\"><br \/>\n     Theidioms.com<br \/>\n    <\/a>\n   <\/li>\n<li>\n    <a href=\"https:\/\/www.britannica.com\/topic\/English-language#\"><br \/>\n     English language<br \/>\n    <\/a>\n   <\/li>\n<li>\n    <a href=\"https:\/\/twitter.com\/shayari\/#\"><br \/>\n     Shayari<br \/>\n    <\/a>\n   <\/li>\n<\/ul><\/div>\n<\/div>\n","protected":false},"excerpt":{"rendered":"<p>Professor Respons\u00e1vel: Lucianne Cople Maia 1. Ementa: Abordagem hol\u00edstica da Odontologia, com enfoque nos aspectos \u00e9ticos, s\u00f3cio-econ\u00f4micos e culturais, proporcionando [&hellip;]<\/p>\n","protected":false},"author":1,"featured_media":0,"comment_status":"closed","ping_status":"closed","sticky":false,"template":"","format":"standard","meta":{"footnotes":""},"categories":[],"tags":[],"class_list":["post-7342","post","type-post","status-publish","format-standard","hentry"],"_links":{"self":[{"href":"https:\/\/odontologia.temp.tic.ufrj.br\/index.php?rest_route=\/wp\/v2\/posts\/7342","targetHints":{"allow":["GET"]}}],"collection":[{"href":"https:\/\/odontologia.temp.tic.ufrj.br\/index.php?rest_route=\/wp\/v2\/posts"}],"about":[{"href":"https:\/\/odontologia.temp.tic.ufrj.br\/index.php?rest_route=\/wp\/v2\/types\/post"}],"author":[{"embeddable":true,"href":"https:\/\/odontologia.temp.tic.ufrj.br\/index.php?rest_route=\/wp\/v2\/users\/1"}],"replies":[{"embeddable":true,"href":"https:\/\/odontologia.temp.tic.ufrj.br\/index.php?rest_route=%2Fwp%2Fv2%2Fcomments&post=7342"}],"version-history":[{"count":0,"href":"https:\/\/odontologia.temp.tic.ufrj.br\/index.php?rest_route=\/wp\/v2\/posts\/7342\/revisions"}],"wp:attachment":[{"href":"https:\/\/odontologia.temp.tic.ufrj.br\/index.php?rest_route=%2Fwp%2Fv2%2Fmedia&parent=7342"}],"wp:term":[{"taxonomy":"category","embeddable":true,"href":"https:\/\/odontologia.temp.tic.ufrj.br\/index.php?rest_route=%2Fwp%2Fv2%2Fcategories&post=7342"},{"taxonomy":"post_tag","embeddable":true,"href":"https:\/\/odontologia.temp.tic.ufrj.br\/index.php?rest_route=%2Fwp%2Fv2%2Ftags&post=7342"}],"curies":[{"name":"wp","href":"https:\/\/api.w.org\/{rel}","templated":true}]}}